{"id":537,"date":"2026-06-30T01:13:37","date_gmt":"2026-06-30T01:13:37","guid":{"rendered":"https:\/\/migranaenfoco.cl\/?p=537"},"modified":"2026-08-26T01:55:29","modified_gmt":"2026-08-26T01:55:29","slug":"reportaje-migrana-en-foco","status":"publish","type":"post","link":"https:\/\/migranaenfoco.cl\/?p=537","title":{"rendered":"REPORTAJE"},"content":{"rendered":"\t\t<div data-elementor-type=\"wp-post\" data-elementor-id=\"537\" class=\"elementor elementor-537\">\n\t\t\t\t<header class=\"elementor-element elementor-element-908f185 e-con e-atomic-element e-flexbox-base e-908f185-fd7866f \" data-id=\"908f185\" data-element_type=\"e-flexbox\" data-e-type=\"e-flexbox\" data-interaction-id=\"908f185\">\n    \t\t\t<h1 data-interaction-id=\"8cd312b\" class=\"e-8cd312b-6c9091e e-heading-base\"><strong id=\"e-ms2i5ouj-9v0xsp5\">Migra\u00f1a en Chile: (sobre)vivir entre costos que agotan, un Estado que ignora y un profundo estigma social<\/strong><\/h1>\n\t\t\n<\/header>\n<div class=\"elementor-element elementor-element-3721fea e-con e-atomic-element e-flexbox-base e-b47bca9 \" data-id=\"3721fea\" data-element_type=\"e-flexbox\" data-e-type=\"e-flexbox\" data-interaction-id=\"3721fea\">\n    \t\t\t<img fetchpriority=\"high\" decoding=\"async\" class=\"e-image-base \" data-interaction-id=\"6aa633b\" id=\"1687\" src=\"https:\/\/migranaenfoco.cl\/wp-content\/uploads\/2026\/08\/Fondo-de-pantalla-Collage-de-fotos-Horizontal-y-saturado-color-marro\u0301n-5-1.png\" width=\"1920\" height=\"1080\" srcset=\"https:\/\/migranaenfoco.cl\/wp-content\/uploads\/2026\/08\/Fondo-de-pantalla-Collage-de-fotos-Horizontal-y-saturado-color-marro\u0301n-5-1.png 1920w, https:\/\/migranaenfoco.cl\/wp-content\/uploads\/2026\/08\/Fondo-de-pantalla-Collage-de-fotos-Horizontal-y-saturado-color-marro\u0301n-5-1-300x169.png 300w, https:\/\/migranaenfoco.cl\/wp-content\/uploads\/2026\/08\/Fondo-de-pantalla-Collage-de-fotos-Horizontal-y-saturado-color-marro\u0301n-5-1-1024x576.png 1024w, https:\/\/migranaenfoco.cl\/wp-content\/uploads\/2026\/08\/Fondo-de-pantalla-Collage-de-fotos-Horizontal-y-saturado-color-marro\u0301n-5-1-768x432.png 768w, https:\/\/migranaenfoco.cl\/wp-content\/uploads\/2026\/08\/Fondo-de-pantalla-Collage-de-fotos-Horizontal-y-saturado-color-marro\u0301n-5-1-1536x864.png 1536w\" alt=\"\"\/>\t\t\n<\/div>\n<div class=\"elementor-element elementor-element-645ed4e e-con e-atomic-element e-flexbox-base e-41ae562 \" data-id=\"645ed4e\" data-element_type=\"e-flexbox\" data-e-type=\"e-flexbox\" data-interaction-id=\"645ed4e\">\n    \t\t\t<p class=\"e-aa198c3-076db6b e-paragraph-base\" data-interaction-id=\"aa198c3\"><strong id=\"e-ms2hig5x-263nrtx\"><em id=\"e-ms2hig5x-cl1vo81\">M\u00e1s de dos millones de personas viven con migra\u00f1a en Chile, una de las enfermedades neurol\u00f3gicas m\u00e1s incapacitantes del mundo seg\u00fan la Organizaci\u00f3n Mundial de la Salud. Sin embargo, esta investigaci\u00f3n revel\u00f3 -a trav\u00e9s de antecedentes obtenidos por Ley de Transparencia- que la enfermedad, adem\u00e1s de no estar dentro del sistema de Garant\u00edas Expl\u00edcitas en Salud (GES) en el pa\u00eds, tampoco ha sido estudiada para una eventual incorporaci\u00f3n a la Ley Ricarte Soto. Mientras tanto, quienes la padecen enfrentan costos excesivos de tratamientos, falta de cobertura, escasez de especialistas, un fuerte estigma social y un sistema de salud que tampoco la registra como una enfermedad independiente<\/em><\/strong>.<\/p>\n\t\t\n<\/div>\n<div class=\"elementor-element elementor-element-0810c97 e-con e-atomic-element e-flexbox-base e-a53ab27 \" data-id=\"0810c97\" data-element_type=\"e-flexbox\" data-e-type=\"e-flexbox\" data-interaction-id=\"0810c97\">\n    \t\t\t<p class=\"e-2cb83d2-915f2a2 e-paragraph-base\" data-interaction-id=\"2cb83d2\"><strong id=\"e-mr5ubq2q-c7fa4em\">Escrito por: Jarlin Garc\u00eda, Juan Carlos Far\u00edas e \u00cdtalo Sanhueza<\/strong><\/p>\n\t\t\n<\/div>\n<div class=\"elementor-element elementor-element-a92381c e-con e-atomic-element e-flexbox-base e-a95b036 \" data-id=\"a92381c\" data-element_type=\"e-flexbox\" data-e-type=\"e-flexbox\" data-interaction-id=\"a92381c\">\n    \t\t\t<p class=\"e-877832d-e0da388 e-paragraph-base\" data-interaction-id=\"877832d\">A los nueve a\u00f1os, <a target=\"_self\" href=\"https:\/\/www.tiktok.com\/@migranaenfococl\/video\/7643945391246855444?is_from_webapp=1&amp;sender_device=pc&amp;web_id=7594297813065188920\" id=\"e-mt9bcph6-85yclrq\"><strong id=\"e-mt9bcph6-26zvm5b\"><u id=\"e-mt9bcph6-7956kb1\">Antonia Vergara<\/u><\/strong><\/a> escuch\u00f3 una frase que todav\u00eda recuerda con precisi\u00f3n: \"Esto no tiene cura y tienes que aprender a vivir con esto\u201d.<br><br>Hasta ese momento, los dolores de cabeza hab\u00edan sido parte de su rutina. Sin embargo, ese diagn\u00f3stico transform\u00f3 el dolor en algo permanente. Con el paso de los a\u00f1os, las crisis dejaron de ser un episodio aislado y comenzaron a condicionar cada aspecto de su vida: el trabajo, el descanso, sus relaciones personales e incluso la posibilidad de proyectar un futuro sin miedo al pr\u00f3ximo episodio.<br><br>Hoy convive con <a target=\"_blank\" href=\"https:\/\/pmc.ncbi.nlm.nih.gov\/articles\/PMC10788408\/\" id=\"e-mt9bcph6-zgnlmzu\"><strong id=\"e-mt9bcph6-kkhnfmf\"><u id=\"e-mt9bcph6-vyujtvj\">migra\u00f1a cr\u00f3nica refractaria<\/u><\/strong><\/a>, una de las formas m\u00e1s complejas de la enfermedad que no responde a la mayor\u00eda de los tratamientos disponibles y que puede provocar crisis incapacitantes durante m\u00e1s de la mitad del mes, en su caso,&nbsp;<strong id=\"e-mt9bcph6-4s9yn9t\">los episodios se repiten entre 15 y 20 d\u00edas mensuales. \"He probado cinco tratamientos distintos y ninguno ha dado frutos\", asegura Antonia.<\/strong><br><br>La enfermedad tambi\u00e9n la oblig\u00f3 a dejar su trabajo como profesora. Las luces, el ruido y la constante estimulaci\u00f3n del aula se volvieron incompatibles con las crisis, tanto as\u00ed, que durante un a\u00f1o completo no poder ejercer su profesi\u00f3n. Sin embargo, asegura que el mayor peso no ha sido \u00fanicamente el dolor, sino la incomprensi\u00f3n que todav\u00eda rodea a la enfermedad. \u201c<a target=\"_blank\" href=\"https:\/\/migranaenfoco.cl\/?p=856\" id=\"e-mt9bcph6-8hwxwwx\"><strong id=\"e-mt9bcph6-z5e8fd2\">Creen que es solo un dolor de cabeza<\/strong><\/a>\u201d, dice.<br><br><\/p>\n\t\t\n<\/div>\n<div class=\"elementor-element elementor-element-f1a5611 e-con e-atomic-element e-flexbox-base e-4da1528 \" data-id=\"f1a5611\" data-element_type=\"e-flexbox\" data-e-type=\"e-flexbox\" data-interaction-id=\"f1a5611\">\n    \t\t<div class=\"elementor-element elementor-element-bcd60da elementor-invisible elementor-widget elementor-widget-html\" data-id=\"bcd60da\" data-element_type=\"widget\" data-e-type=\"widget\" data-settings=\"{&quot;_animation&quot;:&quot;fadeInRight&quot;}\" data-widget_type=\"html.default\">\n\t\t\t\t\t<blockquote class=\"tiktok-embed\" cite=\"https:\/\/www.tiktok.com\/@migranaenfococl\/video\/7643945391246855444\" data-video-id=\"7643945391246855444\" style=\"max-width: 605px;min-width: 325px;\" > <section> <a target=\"_blank\" title=\"@migranaenfococl\" href=\"https:\/\/www.tiktok.com\/@migranaenfococl?refer=embed\">@migranaenfococl<\/a> \ud83d\udccc Entrevista a Antonia Vergara\ud83c\udf99\ufe0f \u201cEs solo un dolor de cabeza\u201d. Esa es una frase que miles de personas con migra\u00f1a escuchan constantemente. Antonia Vergara, quien vive con migra\u00f1a refractaria desde los 9 a\u00f1os, en esta entrevista relata c\u00f3mo la enfermedad la llev\u00f3 a dejar de trabajar durante un a\u00f1o y a pasar por cinco tratamientos distintos, con gastos cercanos a los $300.000 mensuales en medicamentos. La migra\u00f1a cr\u00f3nica refractaria es una enfermedad neurol\u00f3gica en la que la persona sufre migra\u00f1as frecuentes \u2014m\u00e1s de 15 d\u00edas al mes\u2014 que no mejoran pese a probar distintos tratamientos, afectando seriamente su calidad de vida, trabajo y actividades diarias. Pero el impacto no es solo f\u00edsico. Tambi\u00e9n habla sobre los prejuicios, la culpa y la falta de comprensi\u00f3n que enfrentan d\u00eda a d\u00eda quienes viven con migra\u00f1a. La migra\u00f1a no es solo un dolor de cabeza: es una enfermedad que afecta la vida completa de las personas. Escuchar, validar y comprender tambi\u00e9n es parte del tratamiento. <a title=\"migra\u00f1a\" target=\"_blank\" href=\"https:\/\/www.tiktok.com\/tag\/migra%C3%B1a?refer=embed\">#migra\u00f1a<\/a> <a title=\"migra\u00f1acronicarefractaria\" target=\"_blank\" href=\"https:\/\/www.tiktok.com\/tag\/migra%C3%B1acronicarefractaria?refer=embed\">#migra\u00f1acronicarefractaria<\/a> <a title=\"chile\" target=\"_blank\" href=\"https:\/\/www.tiktok.com\/tag\/chile?refer=embed\">#chile<\/a> <a title=\"chilegram\" target=\"_blank\" href=\"https:\/\/www.tiktok.com\/tag\/chilegram?refer=embed\">#chilegram<\/a> <a title=\"salud\" target=\"_blank\" href=\"https:\/\/www.tiktok.com\/tag\/salud?refer=embed\">#salud<\/a> <a target=\"_blank\" title=\"\u266c sonido original - Migra\u00f1a En Foco CL\" href=\"https:\/\/www.tiktok.com\/music\/sonido-original-7643945547891608327?refer=embed\">\u266c sonido original - Migra\u00f1a En Foco CL<\/a> <\/section> <\/blockquote> <script async src=\"https:\/\/www.tiktok.com\/embed.js\"><\/script>\t\t\t\t<\/div>\n\t\t\n<\/div>\n<div class=\"elementor-element elementor-element-2aee718 e-con e-atomic-element e-flexbox-base e-a0e55e6 \" data-id=\"2aee718\" data-element_type=\"e-flexbox\" data-e-type=\"e-flexbox\" data-interaction-id=\"2aee718\">\n    \t\t\t<img class=\"e-image-base \" data-interaction-id=\"51d8db6\"\/>\t\t\n<\/div>\n<div class=\"elementor-element elementor-element-42bfe2a e-con e-atomic-element e-flexbox-base e-48c0809 \" data-id=\"42bfe2a\" data-element_type=\"e-flexbox\" data-e-type=\"e-flexbox\" data-interaction-id=\"42bfe2a\">\n    \t\t\t<p class=\"e-paragraph-base\" data-interaction-id=\"758db85\">Para dimensionar, <strong>Hasta la fecha la migra\u00f1a no tiene cura<\/strong> y seg\u00fan la Organizaci\u00f3n Mundial de la Salud&nbsp;<a target=\"_blank\" href=\"https:\/\/www.who.int\/news-room\/fact-sheets\/detail\/headache-disorders\"><strong><u>las migra\u00f1as fueron la tercera causa principal de a\u00f1os de vida ajustados por discapacidad (AVAD) en todo el mundo en 2021<\/u><\/strong><\/a>, despu\u00e9s del accidente cerebrovascular y la encefalopat\u00eda neonatal. Y adem\u00e1s, est\u00e1 catalogada por la misma organizaci\u00f3n como <a target=\"_blank\" href=\"https:\/\/peru21.pe\/vida\/salud\/migrana-una-de-las-20-enfermedades-mas-incapacitantes-del-mundo-noticia\/\"><strong><u>una de las 20 enfermedades m\u00e1s incapacitantes del mundo.<br><\/u><\/strong><\/a><br>En Chile, la migra\u00f1a afecta aproximadamente al <a target=\"_blank\" href=\"https:\/\/www.scielo.cl\/article_plus.php?pid=S0717-92272022000400381&amp;tlng=es&amp;lng=es\"><strong><u>12% de la poblaci\u00f3n<\/u><\/strong><\/a><strong>, es decir, a m\u00e1s de dos millones de personas, en donde cerca de 400 mil son de forma cr\u00f3nica.<\/strong>&nbsp;Su impacto trasciende el dolor de cabeza: seg\u00fan el estudio <em>Global Burden of Disease 2019<\/em>, constituye la <a target=\"_blank\" href=\"https:\/\/pmc.ncbi.nlm.nih.gov\/articles\/PMC7708887\/\"><strong><u>segunda causa mundial de discapacidad y la primera entre las mujeres j\u00f3venes<\/u><\/strong><u>.<\/u><\/a> <br><br>Pese a esta evidencia cient\u00edfica, <strong>para muchas personas la migra\u00f1a contin\u00faa siendo percibida como un simple dolor de cabeza pasajero<\/strong>. Esa mirada ha contribuido a instalar un <strong>profundo estigma social<\/strong> en torno a la <strong>enfermedad<\/strong>, donde quienes la padecen con frecuencia deben <strong>justificar su dolor frente a familiares, empleadores e incluso profesionales de la salud<\/strong>. La minimizaci\u00f3n de los s\u00edntomas, la idea de que se trata de una <strong>exageraci\u00f3n<\/strong> o de un <strong>problema emocional<\/strong> y la <strong>constante necesidad de explicar una condici\u00f3n que no siempre es visible<\/strong> terminan convirti\u00e9ndose en una <strong>carga adicional para los pacientes<\/strong>, muchas veces tan dif\u00edcil de enfrentar como las propias crisis.<br><br>Con relaci\u00f3n a esto, la experiencia de Antonia refleja la realidad que enfrentan miles de personas en Chile. De acuerdo con la <a target=\"_self\" href=\"https:\/\/www.instagram.com\/p\/DOmiJB2jPpi\/\"><strong><u>Encuesta Anual al Paciente, realizada en 2024 por el Club de la Migra\u00f1a<\/u><\/strong><\/a>,<strong> el 72,2% de las personas no se siente comprendida por sus compa\u00f1eros de trabajo o empleadores<\/strong>. El mismo estudio muestra que la enfermedad puede alcanzar niveles de alta frecuencia: un <strong>13,7% reporta entre 10 y 15 d\u00edas de dolor al mes<\/strong>, mientras que un <strong>6,3% experimenta crisis entre 15 y 20 d\u00edas mensuales<\/strong>.&nbsp;Frente a esa realidad,<strong> <\/strong>Antonia decidi\u00f3 <strong>compartir su experiencia en redes sociales. Hoy utiliza sus plataformas de Instagram y Tik Tok para visibilizar una enfermedad que durante a\u00f1os permaneci\u00f3 en silencio, y que muchas veces fue reducido a un simple \"dolor de cabeza\", pese al profundo impacto que tiene sobre la vida de quienes la padecen.<\/strong><br><br>Seg\u00fan el neur\u00f3logo y miembro de la<strong> <\/strong><a target=\"_blank\" href=\"https:\/\/acefalch.cl\/\"><strong><u>Asociaci\u00f3n de Cefalea y Algias Craneofaciales de Chile (ACEFALCh)<\/u><\/strong><\/a>, <a target=\"_self\" href=\"https:\/\/www.instagram.com\/reel\/DZbMbGIzP9n\/?utm_source=ig_web_copy_link&amp;igsh=MzRlODBiNWFlZA==\"><strong><u>Gonzalo Mu\u00f1oz<\/u><\/strong><\/a>, la migra\u00f1a<strong> \u201cno es un simple dolor de cabeza\u201d<\/strong>. Explica que se trata de un <strong>dolor intenso<\/strong>, generalmente localizado <strong>detr\u00e1s de un ojo o en la frente,<\/strong> que suele acompa\u00f1arse de <strong>sensibilidad extrema a la luz<\/strong> y <strong>al sonido<\/strong>, adem\u00e1s de <strong>n\u00e1useas<\/strong> y <strong>v\u00f3mitos<\/strong>.&nbsp;<strong>Cuando estas crisis se presentan durante m\u00e1s de 15 d\u00edas al mes por al menos tres meses, se habla de migra\u00f1a cr\u00f3nica<\/strong>, una condici\u00f3n que puede <strong>incapacitar por completo a quienes la padecen<\/strong>.<br><br>Adem\u00e1s, la dificultad para reconocer <strong>la enfermedad tambi\u00e9n se presenta durante la infancia<\/strong>. La <a target=\"_blank\" href=\"https:\/\/www.instagram.com\/reel\/DZtODaQzfrw\/?utm_source=ig_web_copy_link&amp;igsh=MzRlODBiNWFlZA==\"><strong><u>neur\u00f3loga infantil Carolina Giadach<\/u><\/strong><\/a> <strong>advierte que la migra\u00f1a<\/strong> <strong>puede aparecer en ni\u00f1os y adolescentes<\/strong>, aunque sus s\u00edntomas pueden manifestarse de manera distinta a los adultos, dificultando su diagn\u00f3stico oportuno.<\/p>\n\t\t\n<\/div>\n<div class=\"elementor-element elementor-element-5821652 e-con e-atomic-element e-flexbox-base e-6bf2f3c \" data-id=\"5821652\" data-element_type=\"e-flexbox\" data-e-type=\"e-flexbox\" data-interaction-id=\"5821652\">\n    \t\t\t<h2 data-interaction-id=\"ea9960f\" class=\"e-heading-base\"><strong id=\"e-mt9b1zsn-vmal4jw\">Migra\u00f1a: una enfermedad sin lugar dentro del sistema de salud chileno<\/strong><\/h2>\n\t\t\n<\/div>\n<div class=\"elementor-element elementor-element-d1047e3 e-con e-atomic-element e-flexbox-base e-c5d3b3f \" data-id=\"d1047e3\" data-element_type=\"e-flexbox\" data-e-type=\"e-flexbox\" data-interaction-id=\"d1047e3\">\n    \t\t\t<p class=\"e-paragraph-base\" data-interaction-id=\"baa4aed\">A pesar de afectar a <strong id=\"e-mt9bk1o5-tvhmab7\">m\u00e1s de dos millones de personas en Chile y ser reconocida por la Organizaci\u00f3n Mundial de la Salud como una de las enfermedades m\u00e1s incapacitantes del mundo<\/strong>, la migra\u00f1a contin\u00faa <strong id=\"e-mt9bk1o5-fztloo8\">sin tener pol\u00edticas p\u00fablicas&nbsp;<\/strong>que permitan abordar <strong id=\"e-mt9bk1o5-epzefte\">su diagn\u00f3stico, tratamiento y seguimiento dentro del sistema p\u00fablico<\/strong>.<br><br>Una revisi\u00f3n realizada para esta investigaci\u00f3n, a trav\u00e9s de solicitudes de informaci\u00f3n p\u00fablica en <a target=\"_blank\" href=\"https:\/\/www.portaltransparencia.cl\/PortalPdT\/\" id=\"e-mt9bk1o5-xzejutr\"><strong id=\"e-mt9bk1o5-s46sbo4\"><u id=\"e-mt9bk1o5-z98ytij\">Ley de Transparencia<\/u><\/strong><\/a>, permiti\u00f3 constatar que aparte de que&nbsp;<strong id=\"e-mt9bk1o5-3e2mctn\">la enfermedad no forma parte de las patolog\u00edas cubiertas por el sistema de salud de<\/strong><a target=\"_blank\" href=\"https:\/\/www.superdesalud.gob.cl\/tax-temas-de-orientacion\/garantias-explicitas-en-salud-ges-1962\/\" id=\"e-mt9bk1o5-i4nzk1v\"><strong id=\"e-mt9bk1o5-t1ns8go\"><u id=\"e-mt9bk1o5-zrq0zx1\"> Garant\u00edas Expl\u00edcitas en Salud (GES)<\/u><\/strong><\/a>, que est\u00e1 regulado por la <a target=\"_self\" href=\"https:\/\/www.bcn.cl\/leychile\/navegar?idNorma=229834\" id=\"e-mt9bk1o5-dvc7fvw\"><strong id=\"e-mt9bk1o5-wl32iib\"><u id=\"e-mt9bk1o5-qrd01vw\">Ley N.\u00ba 19.966<\/u><\/strong><\/a>&nbsp;y que hoy contempla <strong id=\"e-mt9bk1o5-fz8q9s6\">87 problemas de salud<\/strong> seg\u00fan la <a target=\"_blank\" href=\"https:\/\/www.superdesalud.gob.cl\/\" id=\"e-mt9bk1o5-fezfiza\"><strong id=\"e-mt9bk1o5-338tisu\"><u id=\"e-mt9bk1o5-5ln4h08\">Superintendencia de Salud<\/u><\/strong><\/a><u id=\"e-mt9bk1o5-9cq65tb\">,&nbsp;<\/u><strong id=\"e-mt9bk1o5-yd2f3gj\">no ha sido considerada dentro de los an\u00e1lisis t\u00e9cnicos para una eventual incorporaci\u00f3n del pr\u00f3ximo decreto GES ni tampoco a la <\/strong><a target=\"_self\" href=\"https:\/\/www.bcn.cl\/leychile\/navegar?idNorma=1078148\" id=\"e-mt9bk1o5-zw5j2nf\"><strong id=\"e-mt9bk1o5-u2ppu0t\"><u id=\"e-mt9bk1o5-aovc0up\">Ley Ricarte Soto<\/u><\/strong><\/a><a target=\"_blank\" href=\"https:\/\/www.superdesalud.gob.cl\/tax-temas-de-orientacion\/ley-ricarte-soto-6088\/\" id=\"e-mt9bk1o5-goqnpvt\">,&nbsp;la&nbsp;cual&nbsp;apunta al Sistema&nbsp;de&nbsp;Protecci\u00f3n&nbsp;Financiera&nbsp;para&nbsp;Diagn\u00f3sticos&nbsp;Y&nbsp;Tratamientos&nbsp;de Enfermedades&nbsp;de&nbsp;Alto&nbsp;Costo.<\/a><\/p>\n\t\t\n<\/div>\n<div class=\"elementor-element elementor-element-c908b16 e-con e-atomic-element e-flexbox-base e-d21ae4f \" data-id=\"c908b16\" data-element_type=\"e-flexbox\" data-e-type=\"e-flexbox\" data-interaction-id=\"c908b16\">\n    \t\t\t<img decoding=\"async\" class=\"e-image-base \" data-interaction-id=\"d67224b\" id=\"1403\" src=\"https:\/\/migranaenfoco.cl\/wp-content\/uploads\/2026\/07\/Captura-de-pantalla-2026-07-19-215143.png\" width=\"990\" height=\"558\" srcset=\"https:\/\/migranaenfoco.cl\/wp-content\/uploads\/2026\/07\/Captura-de-pantalla-2026-07-19-215143.png 990w, https:\/\/migranaenfoco.cl\/wp-content\/uploads\/2026\/07\/Captura-de-pantalla-2026-07-19-215143-300x169.png 300w, https:\/\/migranaenfoco.cl\/wp-content\/uploads\/2026\/07\/Captura-de-pantalla-2026-07-19-215143-768x433.png 768w\" alt=\"\"\/>\t\t\n<\/div>\n<div class=\"elementor-element elementor-element-96da4e8 e-con e-atomic-element e-flexbox-base e-c841c01 \" data-id=\"96da4e8\" data-element_type=\"e-flexbox\" data-e-type=\"e-flexbox\" data-interaction-id=\"96da4e8\">\n    \t\t\t<img decoding=\"async\" class=\"e-image-base e-d375b2d-8da09a6\" data-interaction-id=\"d375b2d\" id=\"1462\" src=\"https:\/\/migranaenfoco.cl\/wp-content\/uploads\/2026\/07\/Disen\u0303o-sin-ti\u0301tulo-57-768x994.png\" width=\"768\" height=\"994\" srcset=\"https:\/\/migranaenfoco.cl\/wp-content\/uploads\/2026\/07\/Disen\u0303o-sin-ti\u0301tulo-57-768x994.png 768w, https:\/\/migranaenfoco.cl\/wp-content\/uploads\/2026\/07\/Disen\u0303o-sin-ti\u0301tulo-57-232x300.png 232w, https:\/\/migranaenfoco.cl\/wp-content\/uploads\/2026\/07\/Disen\u0303o-sin-ti\u0301tulo-57-791x1024.png 791w, https:\/\/migranaenfoco.cl\/wp-content\/uploads\/2026\/07\/Disen\u0303o-sin-ti\u0301tulo-57-1187x1536.png 1187w, https:\/\/migranaenfoco.cl\/wp-content\/uploads\/2026\/07\/Disen\u0303o-sin-ti\u0301tulo-57.png 1545w\" alt=\"\"\/>\t\t\n<\/div>\n<div class=\"elementor-element elementor-element-07d3551 e-con e-atomic-element e-flexbox-base e-4401eb1 \" data-id=\"07d3551\" data-element_type=\"e-flexbox\" data-e-type=\"e-flexbox\" data-interaction-id=\"07d3551\">\n    \t\t\t<img loading=\"lazy\" decoding=\"async\" class=\"e-image-base e-07c6a9d-96a0b81\" data-interaction-id=\"07c6a9d\" id=\"1463\" src=\"https:\/\/migranaenfoco.cl\/wp-content\/uploads\/2026\/07\/Disen\u0303o-sin-ti\u0301tulo-58-768x994.png\" width=\"768\" height=\"994\" srcset=\"https:\/\/migranaenfoco.cl\/wp-content\/uploads\/2026\/07\/Disen\u0303o-sin-ti\u0301tulo-58-768x994.png 768w, https:\/\/migranaenfoco.cl\/wp-content\/uploads\/2026\/07\/Disen\u0303o-sin-ti\u0301tulo-58-232x300.png 232w, https:\/\/migranaenfoco.cl\/wp-content\/uploads\/2026\/07\/Disen\u0303o-sin-ti\u0301tulo-58-791x1024.png 791w, https:\/\/migranaenfoco.cl\/wp-content\/uploads\/2026\/07\/Disen\u0303o-sin-ti\u0301tulo-58-1187x1536.png 1187w, https:\/\/migranaenfoco.cl\/wp-content\/uploads\/2026\/07\/Disen\u0303o-sin-ti\u0301tulo-58.png 1545w\" alt=\"\"\/>\t\t\n<\/div>\n<div class=\"elementor-element elementor-element-ed8026b e-con e-atomic-element e-flexbox-base e-c949f77 \" data-id=\"ed8026b\" data-element_type=\"e-flexbox\" data-e-type=\"e-flexbox\" data-interaction-id=\"ed8026b\">\n    \t\t\t<img loading=\"lazy\" decoding=\"async\" class=\"e-image-base e-e8f352b-bbd3ec4\" data-interaction-id=\"e8f352b\" id=\"1464\" src=\"https:\/\/migranaenfoco.cl\/wp-content\/uploads\/2026\/07\/Disen\u0303o-sin-ti\u0301tulo-59-768x543.png\" width=\"768\" height=\"543\" srcset=\"https:\/\/migranaenfoco.cl\/wp-content\/uploads\/2026\/07\/Disen\u0303o-sin-ti\u0301tulo-59-768x543.png 768w, https:\/\/migranaenfoco.cl\/wp-content\/uploads\/2026\/07\/Disen\u0303o-sin-ti\u0301tulo-59-300x212.png 300w, https:\/\/migranaenfoco.cl\/wp-content\/uploads\/2026\/07\/Disen\u0303o-sin-ti\u0301tulo-59-1024x724.png 1024w, https:\/\/migranaenfoco.cl\/wp-content\/uploads\/2026\/07\/Disen\u0303o-sin-ti\u0301tulo-59-1536x1086.png 1536w, https:\/\/migranaenfoco.cl\/wp-content\/uploads\/2026\/07\/Disen\u0303o-sin-ti\u0301tulo-59.png 2000w\" alt=\"\"\/>\t\t\n<\/div>\n<div class=\"elementor-element elementor-element-c3938c8 e-con e-atomic-element e-flexbox-base e-d714586 \" data-id=\"c3938c8\" data-element_type=\"e-flexbox\" data-e-type=\"e-flexbox\" data-interaction-id=\"c3938c8\">\n    \t\t\t<p class=\"e-paragraph-base\" data-interaction-id=\"8c61807\"><br><a target=\"_blank\" href=\"https:\/\/www.superdesalud.gob.cl\/tax-temas-de-orientacion\/ley-ricarte-soto-6088\/\" id=\"e-mt9boo55-c3z2a7g\">La <u id=\"e-mt9boo55-jo95egh\">Ley Ricarte Soto, <\/u><strong id=\"e-mt9boo55-4zreuat\"><u id=\"e-mt9boo55-y0bgz73\">creada en 2015<\/u><\/strong><u id=\"e-mt9boo55-anyiss5\">, es una ley que crea un <\/u><strong id=\"e-mt9boo55-ic9iqrb\"><u id=\"e-mt9boo55-fma306s\">sistema de protecci\u00f3n financiera para diagn\u00f3sticos y\/o tratamientos de 27 enfermedades de alto costo<\/u><\/strong><\/a> que impactan de manera catastr\u00f3fica el presupuesto familiar. Este sistema <strong id=\"e-mt9boo55-3oh7nam\">financia algunos diagn\u00f3sticos y\/o tratamientos de alto costo<\/strong>, definidos a trav\u00e9s de decretos, como enfermedades oncol\u00f3gicas, metab\u00f3licas, raras o poco frecuentes.<br><br>La <strong id=\"e-mt9boo55-6v3jd5w\">\u00faltima actualizaci\u00f3n del sistema GES,<\/strong> realizada en 2025, <strong id=\"e-mt9boo55-34zk02h\">incorpor\u00f3 nuevas patolog\u00edas<\/strong>, pero<strong id=\"e-mt9boo55-rqjh6ub\"> nuevamente dej\u00f3 fuera a la migra\u00f1a<\/strong>. Algo similar ocurri\u00f3 con la <strong id=\"e-mt9boo55-dsk8wlx\">Ley Ricarte Soto<\/strong>, que <strong id=\"e-mt9boo55-ktn9cbw\">a\u00f1adi\u00f3 nueve enfermedades sin incluir trastornos neurol\u00f3gicos cr\u00f3nicos relacionados con cefaleas o migra\u00f1a refractaria.&nbsp;<\/strong>Sin embargo, pese a la carga que representa la migra\u00f1a para quienes viven con ella, <strong id=\"e-mt9boo55-ipdq281\">hasta ahora no existe una evaluaci\u00f3n formal que permita avanzar hacia una cobertura de este tipo<\/strong>.<br><br><strong id=\"e-mt9boo55-0ifdjug\">La ausencia de la enfermedad dentro de estas pol\u00edticas p\u00fablicas<\/strong> tiene consecuencias concretas. Para los pacientes, <strong id=\"e-mt9boo55-sum3b49\">significa que gran parte del acceso a tratamientos preventivos<\/strong>, <strong id=\"e-mt9boo55-u84zfz9\">medicamentos especializados<\/strong> y <strong id=\"e-mt9boo55-yrgu5k3\">atenci\u00f3n m\u00e9dica<\/strong> <strong id=\"e-mt9boo55-j4asazz\">depende de sus propios recursos econ\u00f3micos<\/strong>, con tratamientos que pueden alcanzar desde los&nbsp;<a target=\"_blank\" href=\"https:\/\/www.cruzverde.cl\/pasurta-erenumab-70-mg-ml-solucion-inyectable-1-jeringa-pre-cargada\/295755.html\" id=\"e-mt9boo55-bncsq08\"><strong id=\"e-mt9boo55-s8x5opf\"><u id=\"e-mt9boo55-mzbun2k\">$300.000<\/u><\/strong> <strong id=\"e-mt9boo55-qfil2lc\">mensuales<\/strong><\/a> sin contar costos asociados a atenci\u00f3n m\u00e9dica,  medicamentos, entre otros factores.<br><br>Pero el problema comienza incluso antes del tratamiento, ya que <strong id=\"e-mt9boo55-ig7d0hy\">la migra\u00f1a tampoco cuenta con un reconocimiento independiente dentro de los registros sanitarios<\/strong> utilizados para dimensionar las enfermedades que afectan a la poblaci\u00f3n quedando <strong id=\"e-mt9boo55-pt9f6yj\">dentro de categor\u00edas m\u00e1s amplias como la de <\/strong><a target=\"_blank\" href=\"https:\/\/teknon.quironsalud.com\/blog\/es\/salud-az\/cefalea-migrana-diferencia\" id=\"e-mt9boo56-kfj9lkv\"><strong id=\"e-mt9boo56-59ylwdq\"><u id=\"e-mt9boo56-tauemd7\">cefaleas<\/u><\/strong><\/a>, clasificaci\u00f3n que re\u00fane distintos tipos de dolores de cabeza y que <strong id=\"e-mt9boo56-rz1evhq\">dificulta conocer con precisi\u00f3n cu\u00e1ntas personas reciben atenci\u00f3n espec\u00edficamente por esta enfermedad<\/strong>. <br><br>Para especialistas y organizaciones de pacientes, esta falta de visibilidad institucional genera un problema dif\u00edcil de resolver, esto dado que si una enfermedad no se mide correctamente o no se tienen estad\u00edsticas oficiales por parte de autoridades, resulta m\u00e1s complejo dise\u00f1ar pol\u00edticas p\u00fablicas orientadas a sus necesidades.<br><br>Para <a target=\"_self\" href=\"https:\/\/www.tiktok.com\/@migranaenfococl\/video\/7652044055353969941?is_from_webapp=1&amp;sender_device=pc&amp;web_id=7594297813065188920\" id=\"e-mt9boo56-u6o53d6\"><strong id=\"e-mt9boo56-ch2np35\"><u id=\"e-mt9boo56-mg8ry03\">Karla Rubilar<\/u><\/strong><\/a><strong id=\"e-mt9boo56-nthjtpx\">, exministra de Desarrollo Social y Familia; y actual directora directora de la Unidad de Salud P\u00fablica<\/strong> de la Universidad Aut\u00f3noma, <strong id=\"e-mt9boo56-lghzv1a\">uno de los principales problemas es que la migra\u00f1a contin\u00faa siendo percibida como una molestia menor dentro del sistema de salud<\/strong>, pese a tratarse de una enfermedad neurol\u00f3gica -en algunos casos cr\u00f3nica- con un fuerte impacto en la calidad de vida.&nbsp;A su juicio, <strong id=\"e-mt9boo56-vi9ogds\">esta mirada ha impedido que sea priorizada y ha contribuido a diagn\u00f3sticos tard\u00edos, subtratamiento y una constante minimizaci\u00f3n del dolor<\/strong>. Adem\u00e1s, advierte que la enfermedad <strong id=\"e-mt9boo56-n7kjxae\">afecta mayoritariamente a mujeres<\/strong>, especialmente en <strong id=\"e-mt9boo56-piajf4i\">edad laboral y reproductiva<\/strong>, lo que <strong id=\"e-mt9boo56-bu4bavl\">ha favorecido su hist\u00f3rica subestimaci\u00f3n<\/strong>.&nbsp;\"Existe el prejuicio de que <strong id=\"e-mt9boo56-hxa8cku\">la mujer exagera<\/strong>, que <strong id=\"e-mt9boo56-2n9kti1\">no quiere trabajar<\/strong> o que se trata <strong id=\"e-mt9boo56-3wwc6f2\">solo de un problema emocional<\/strong>\", se\u00f1ala.<\/p>\n\t\t\n<\/div>\n<div class=\"elementor-element elementor-element-4177f50 e-con e-atomic-element e-flexbox-base e-a4b0134 \" data-id=\"4177f50\" data-element_type=\"e-flexbox\" data-e-type=\"e-flexbox\" data-interaction-id=\"4177f50\">\n    \t\t<div class=\"elementor-element elementor-element-e02be75 elementor-invisible elementor-widget elementor-widget-html\" data-id=\"e02be75\" data-element_type=\"widget\" data-e-type=\"widget\" data-settings=\"{&quot;_animation&quot;:&quot;fadeInRight&quot;}\" data-widget_type=\"html.default\">\n\t\t\t\t\t<blockquote class=\"tiktok-embed\" cite=\"https:\/\/www.tiktok.com\/@migranaenfococl\/video\/7652044055353969941\" data-video-id=\"7652044055353969941\" style=\"max-width: 605px;min-width: 325px;\" > <section> <a target=\"_blank\" title=\"@migranaenfococl\" href=\"https:\/\/www.tiktok.com\/@migranaenfococl?refer=embed\">@migranaenfococl<\/a> \ud83d\udccc ENTREVISTA A KARLA RUBILAR \ud83d\udccc La m\u00e9dica, docente y directora de la Unidad de Salud P\u00fablica de la Universidad Aut\u00f3noma, Karla Rubilar, aborda las gestiones que se han impulsado para avanzar en pol\u00edticas p\u00fablicas relacionadas con la migra\u00f1a en Chile\ud83c\udde8\ud83c\uddf1 Durante la conversaci\u00f3n, se refiere a las reuniones que han sostenido representantes de la sociedad civil, con el @Club de la migra\u00f1a como actor central, junto a sociedades cient\u00edficas y autoridades, adem\u00e1s de los recientes acercamientos con la Organizaci\u00f3n Mundial de la Salud (OMS)\ud83d\udc40 Si bien Rubilar considera necesario incorporar pol\u00edticas p\u00fablicas orientadas a la migra\u00f1a en nuestro pa\u00eds, enfatiza que la participaci\u00f3n del Poder Ejecutivo es fundamental para concretar avances reales\ud83e\udd37\ud83c\udffb\u200d\u2642\ufe0f \ud83d\udcceAsimismo, sostiene que, pese a ser una enfermedad altamente incapacitante y reconocida internacionalmente por su impacto en la calidad de vida, la migra\u00f1a contin\u00faa siendo insuficientemente visibilizada por quienes toman decisiones en materia de salud p\u00fablica. Finalmente, plantea la posibilidad de implementar una pol\u00edtica p\u00fablica piloto, de manera gradual, que permita evaluar su impacto y medir si efectivamente contribuye a mejorar la calidad de vida de las personas que viven con esta condici\u00f3n\ud83d\udcdd \u00bfCrees que la migra\u00f1a deber\u00eda ser una prioridad dentro de las pol\u00edticas p\u00fablicas de salud en Chile? \u00a1TE LEEMOS!\ud83d\udc40 <a title=\"migra\u00f1a\" target=\"_blank\" href=\"https:\/\/www.tiktok.com\/tag\/migra%C3%B1a?refer=embed\">#migra\u00f1a<\/a> <a title=\"migra\u00f1acr\u00f3nica\" target=\"_blank\" href=\"https:\/\/www.tiktok.com\/tag\/migra%C3%B1acr%C3%B3nica?refer=embed\">#migra\u00f1acr\u00f3nica<\/a> <a title=\"parati\" target=\"_blank\" href=\"https:\/\/www.tiktok.com\/tag\/parati?refer=embed\">#parati<\/a> <a title=\"chilegram\" target=\"_blank\" href=\"https:\/\/www.tiktok.com\/tag\/chilegram?refer=embed\">#chilegram<\/a> <a title=\"politicaspublicas\" target=\"_blank\" href=\"https:\/\/www.tiktok.com\/tag\/politicaspublicas?refer=embed\">#politicaspublicas<\/a> <a target=\"_blank\" title=\"\u266c sonido original - Migra\u00f1a En Foco CL\" href=\"https:\/\/www.tiktok.com\/music\/sonido-original-7652044409567578896?refer=embed\">\u266c sonido original - Migra\u00f1a En Foco CL<\/a> <\/section> <\/blockquote> <script async src=\"https:\/\/www.tiktok.com\/embed.js\"><\/script>\t\t\t\t<\/div>\n\t\t\n<\/div>\n<div class=\"elementor-element elementor-element-bac2ef8 e-con e-atomic-element e-flexbox-base e-d45caf3 \" data-id=\"bac2ef8\" data-element_type=\"e-flexbox\" data-e-type=\"e-flexbox\" data-interaction-id=\"bac2ef8\">\n    \t\t\t<p class=\"e-paragraph-base\" data-interaction-id=\"bc7dc04\">Para <strong id=\"e-mt9bu9by-3n9r54h\">Rubilar<\/strong>, incorporar tratamientos preventivos no deber\u00eda verse \u00fanicamente como un gasto, sino como \"<strong id=\"e-mt9bu9by-rlgd86a\">una inversi\u00f3n que permitir\u00eda reducir licencias m\u00e9dicas\"<\/strong>, mejorar la <strong id=\"e-mt9bu9by-7h35tvy\">productividad y aumentar la calidad de vida de los pacientes<\/strong>. A su juicio, la migra\u00f1a <strong id=\"e-mt9bu9by-08geyra\">sigue fuera de las prioridades sanitarias porque todav\u00eda no existe suficiente visibilizaci\u00f3n ni evidencia instalada dentro del poder pol\u00edtico. \u201cTodav\u00eda no est\u00e1 a ojos de los tomadores de decisi\u00f3n. Evidentemente tiene sentido hacer un esfuerzo en tener pol\u00edticas p\u00fablicas que pueda enfrentar esta situaci\u00f3n\"<\/strong>, afirma.<br><br>Con respecto al <strong id=\"e-mt9bu9by-a72pylh\">25 de marzo<\/strong>, d\u00eda en que se realiz\u00f3 el primer <a target=\"_blank\" href=\"https:\/\/www.instagram.com\/p\/DYXFHN-FpjC\/?utm_source=ig_web_copy_link&amp;igsh=MzRlODBiNWFlZA==\" id=\"e-mt9bu9by-8m5ojjs\"><strong id=\"e-mt9bu9by-ytahlwx\"><u id=\"e-mt9bu9by-uf36156\">Policy Summit sobre migra\u00f1a en la Universidad Aut\u00f3noma<\/u><\/strong><\/a>, la instancia permiti\u00f3 reunir al <a target=\"_blank\" href=\"https:\/\/migranaenfoco.cl\/?p=927\" id=\"e-mt9bu9by-6v02vn3\"><strong id=\"e-mt9bu9by-x1faeaz\">Club de La Migra\u00f1a<\/strong><\/a> y a la exministra <strong id=\"e-mt9bu9by-11c1lcj\">Karla Rubilar<\/strong>, junto con representantes de <strong id=\"e-mt9bu9by-7e62jlt\">sociedades m\u00e9dicas<\/strong>, del <a target=\"_self\" href=\"https:\/\/www.fonasa.gob.cl\/\" id=\"e-mt9bu9by-d1xtzwi\"><strong id=\"e-mt9bu9by-arovp8o\"><u id=\"e-mt9bu9by-64v26lz\">Fondo Nacional de Salud (Fonasa<\/u><\/strong><\/a><strong id=\"e-mt9bu9by-wayvnel\">)<\/strong>, <strong id=\"e-mt9bu9by-00oc0z0\">autoridades<\/strong> y <strong id=\"e-mt9bu9by-kr52m1a\">equipos t\u00e9cnicos del <\/strong><a target=\"_blank\" href=\"https:\/\/www.minsal.cl\/\" id=\"e-mt9bu9by-9eb4pbo\"><strong id=\"e-mt9bu9by-a3vg2gr\"><u id=\"e-mt9bu9by-2x8n8mv\">Ministerio de Salud (Minsal<\/u><\/strong><\/a><strong id=\"e-mt9bu9by-q0maqwc\">)<\/strong>, <strong id=\"e-mt9bu9by-oax46gd\">exautoridades de gobierno<\/strong> y una <strong id=\"e-mt9bu9by-98z9rmf\">especialista en farmacoeconom\u00eda<\/strong>. El encuentro tuvo como prop\u00f3sito generar un espacio de articulaci\u00f3n entre los distintos actores involucrados para plantear las principales <strong id=\"e-mt9bu9by-mm0uc93\">necesidades de las personas que viven con migra\u00f1a y migra\u00f1a cr\u00f3nica en Chile<\/strong>.<br><br>Sobre los resultados de esa instancia, <strong id=\"e-mt9bu9by-gayucsr\">Rubilar<\/strong> sostiene que \"lo que hicimos fue sentar a la academia con las sociedades cient\u00edficas, la sociedad civil y con el Ejecutivo con el fin de poder ver si pod\u00edamos <strong id=\"e-mt9bu9by-mf5d0de\">avanzar en una mesa que determinara pr\u00f3ximos pasos a seguir y ojal\u00e1 poder llegar a un piloto en relaci\u00f3n a esta enfermedad.<\/strong> De todas formas esto tiene que venir desde el Ejecutivo porque va a <strong id=\"e-mt9bu9by-2l9w1vb\">irrogar gasto<\/strong>, tenemos que <strong id=\"e-mt9bu9by-ka96ze8\">codificar de mejor manera<\/strong>&nbsp;y permitir que ciertos <strong id=\"e-mt9bu9by-y158zkh\">medicamentos ingresen a un financiamiento\".<br><\/strong><br>Una mirada similar tiene <strong id=\"e-mt9bu9by-r0h79c3\">el senador y <\/strong><a target=\"_blank\" href=\"https:\/\/www.senado.cl\/actividad-legislativa\/comisiones\/195\" id=\"e-mt9bu9by-io3p2ag\"><strong id=\"e-mt9bu9by-xi5zwn9\"><u id=\"e-mt9bu9by-e4l4ohk\">presidente de la Comisi\u00f3n de Salud del Senado<\/u><\/strong><\/a><strong id=\"e-mt9bu9by-k4s6bis\">,<\/strong> <a target=\"_blank\" href=\"https:\/\/www.instagram.com\/reel\/DaTxLd8zK5G\/?utm_source=ig_web_copy_link&amp;igsh=MzRlODBiNWFlZA==\" id=\"e-mt9bu9by-sr58u9w\"><strong id=\"e-mt9bu9by-wpzccyd\"><u id=\"e-mt9bu9by-t0d9dk7\">Juan Luis Castro<\/u><\/strong><\/a>, quien sostiene que la <strong id=\"e-mt9bu9by-jp1daim\">migra\u00f1a a\u00fan no ha logrado instalarse como una prioridad dentro de la agenda sanitaria del pa\u00eds<\/strong>. A su juicio la enfermedad ha permanecido invisibilizada tanto por las autoridades como por la escasa articulaci\u00f3n entre especialistas y organizaciones de pacientes. \u201c<strong id=\"e-mt9bu9by-pk8rqsl\">No se ha situado como un problema relativamente importante en salud p\u00fablica<\/strong>\u201d, afirma, aunque considera que <strong id=\"e-mt9bu9by-bwz595e\">deber\u00eda serlo dada su creciente prevalencia y el impacto que genera en la calidad de vida de quienes la padecen<\/strong>.<\/p>\n\t\t\n<\/div>\n<div class=\"elementor-element elementor-element-80061f0 e-con e-atomic-element e-flexbox-base e-71cfcbd \" data-id=\"80061f0\" data-element_type=\"e-flexbox\" data-e-type=\"e-flexbox\" data-interaction-id=\"80061f0\">\n    \t\t<div class=\"elementor-element elementor-element-e46dfb4 elementor-invisible elementor-widget elementor-widget-html\" data-id=\"e46dfb4\" data-element_type=\"widget\" data-e-type=\"widget\" data-settings=\"{&quot;_animation&quot;:&quot;fadeInRight&quot;}\" data-widget_type=\"html.default\">\n\t\t\t\t\t<iframe width=\"100%\" height=\"300\" scrolling=\"no\" frameborder=\"no\" allow=\"autoplay; encrypted-media\" src=\"https:\/\/w.soundcloud.com\/player\/?url=https%3A\/\/api.soundcloud.com\/tracks\/soundcloud%253Atracks%253A2352906236&color=%23cf44cf&auto_play=false&hide_related=false&show_comments=true&show_user=true&show_reposts=false&show_teaser=true&visual=true\"><\/iframe><div style=\"font-size: 10px; color: #cccccc;line-break: anywhere;word-break: normal;overflow: hidden;white-space: nowrap;text-overflow: ellipsis; font-family: Interstate,Lucida Grande,Lucida Sans Unicode,Lucida Sans,Garuda,Verdana,Tahoma,sans-serif;font-weight: 100;\"><a href=\"https:\/\/soundcloud.com\/migranaproyectouft\" title=\"migranaproyectouft\" target=\"_blank\" style=\"color: #cccccc; text-decoration: none;\">migranaproyectouft<\/a> \u00b7 <a href=\"https:\/\/soundcloud.com\/migranaproyectouft\/juan-luis-castro-senador-copia\" title=\"Juan Luis Castro senador\" target=\"_blank\" style=\"color: #cccccc; text-decoration: none;\">Juan Luis Castro senador<\/a><\/div>\t\t\t\t<\/div>\n\t\t\n<\/div>\n<div class=\"elementor-element elementor-element-a3ea901 e-con e-atomic-element e-flexbox-base e-cd28c4c \" data-id=\"a3ea901\" data-element_type=\"e-flexbox\" data-e-type=\"e-flexbox\" data-interaction-id=\"a3ea901\">\n    \t\t\t<p class=\"e-paragraph-base\" data-interaction-id=\"b6707d3\">Por su parte, el&nbsp;<strong id=\"e-ms2i0cx2-fvx7ghv\">diputado y presidente de la <\/strong><a target=\"_blank\" href=\"https:\/\/www.camara.cl\/legislacion\/comisiones\/integrantes.aspx?prmID=3311\" id=\"e-ms2i0cx2-tiipa6a\"><strong id=\"e-ms2i0cx2-otqkjbs\"><u id=\"e-ms2i0cx2-s9wf9qj\">Comisi\u00f3n de Salud de la C\u00e1mara de Diputadas y Diputados<\/u><\/strong><\/a><strong id=\"e-ms2i0cx2-uz2huwp\">, <\/strong><a target=\"_blank\" href=\"https:\/\/www.instagram.com\/reel\/DY55JDbTSdA\/?utm_source=ig_web_copy_link&amp;igsh=MzRlODBiNWFlZA==\" id=\"e-ms2i0cx2-xugbgk1\"><strong id=\"e-ms2i0cx2-hfb43rl\"><u id=\"e-ms2i0cx2-hdgwam5\">Andr\u00e9s Celis<\/u><\/strong><\/a>, coincide en que uno de los principales problemas ha sido la <strong id=\"e-ms2i0cx2-qw0fm5o\">falta de voluntad para dimensionar el impacto de la enfermedad dentro del sistema sanitario<\/strong>&nbsp;y dice que \"<strong id=\"e-ms2i0cx2-esa5oyx\">no se le ha tomado el peso a los datos duros que existen sobre la migra\u00f1a<\/strong>\". El parlamentario plantea que avanzar en una <strong id=\"e-ms2i0cx2-xu0ugjo\">mejor atenci\u00f3n requiere fortalecer la formaci\u00f3n de especialistas, potenciar herramientas como la telemedicina y reorganizar la red asistencial para facilitar el acceso de los pacientes, especialmente en regiones<\/strong>&nbsp;asegurando que<strong id=\"e-ms2i0cx2-bf35tls\"> \"los<\/strong> <strong id=\"e-ms2i0cx2-1tbdqo5\">recursos est\u00e1n, falta m\u00e1s voluntad pol\u00edtica y ordenar la gesti\u00f3n<\/strong>\".<br><br>La falta de una categor\u00eda propia, la ausencia de cobertura espec\u00edfica y la inexistencia de programas dedicados configuran un escenario donde la migra\u00f1a permanece en una zona gris, es decir, <strong id=\"e-ms2i0cx2-adbtzdc\"> una enfermedad que es reconocida por la comunidad m\u00e9dica internacional, pero que todav\u00eda no ocupa un lugar proporcional dentro del sistema de salud chileno.<br><\/strong><\/p>\n\t\t\n<\/div>\n<div class=\"elementor-element elementor-element-cf0d52d e-con e-atomic-element e-flexbox-base e-a77d5c8 \" data-id=\"cf0d52d\" data-element_type=\"e-flexbox\" data-e-type=\"e-flexbox\" data-interaction-id=\"cf0d52d\">\n    \t\t<div class=\"elementor-element elementor-element-11fa3ca elementor-invisible elementor-widget elementor-widget-html\" data-id=\"11fa3ca\" data-element_type=\"widget\" data-e-type=\"widget\" data-settings=\"{&quot;_animation&quot;:&quot;fadeInRight&quot;}\" data-widget_type=\"html.default\">\n\t\t\t\t\t<iframe width=\"100%\" height=\"300\" scrolling=\"no\" frameborder=\"no\" allow=\"autoplay; encrypted-media\" src=\"https:\/\/w.soundcloud.com\/player\/?url=https%3A\/\/api.soundcloud.com\/tracks\/soundcloud%253Atracks%253A2352912728&color=%23cf44cf&auto_play=false&hide_related=false&show_comments=true&show_user=true&show_reposts=false&show_teaser=true&visual=true\"><\/iframe><div style=\"font-size: 10px; color: #cccccc;line-break: anywhere;word-break: normal;overflow: hidden;white-space: nowrap;text-overflow: ellipsis; font-family: Interstate,Lucida Grande,Lucida Sans Unicode,Lucida Sans,Garuda,Verdana,Tahoma,sans-serif;font-weight: 100;\"><a href=\"https:\/\/soundcloud.com\/migranaproyectouft\" title=\"migranaproyectouft\" target=\"_blank\" style=\"color: #cccccc; text-decoration: none;\">migranaproyectouft<\/a> \u00b7 <a href=\"https:\/\/soundcloud.com\/migranaproyectouft\/andre-s-celis-1\" title=\"Andre\u0301s Celis\" target=\"_blank\" style=\"color: #cccccc; text-decoration: none;\">Andre\u0301s Celis<\/a><\/div>\t\t\t\t<\/div>\n\t\t\n<\/div>\n<div class=\"elementor-element elementor-element-8d9bf59 e-con e-atomic-element e-flexbox-base e-e281176 \" data-id=\"8d9bf59\" data-element_type=\"e-flexbox\" data-e-type=\"e-flexbox\" data-interaction-id=\"8d9bf59\">\n    \t\t\t<h2 data-interaction-id=\"f6cc0ae\" class=\"e-heading-base\"><strong id=\"e-mt9cgtq4-e2ald06\">Altos costos de tratamiento: migra\u00f1a en Chile<\/strong><\/h2>\n\t\t\n<\/div>\n<div class=\"elementor-element elementor-element-41ca6cd e-con e-atomic-element e-flexbox-base e-2b043f8 \" data-id=\"41ca6cd\" data-element_type=\"e-flexbox\" data-e-type=\"e-flexbox\" data-interaction-id=\"41ca6cd\">\n    \t\t\t<p class=\"e-paragraph-base\" data-interaction-id=\"2281903\">Cuando el sistema de salud no entrega una cobertura espec\u00edfica, <strong id=\"e-mt9c21v7-pjxosmu\">el costo de enfrentar la migra\u00f1a recae principalmente sobre quienes la padecen.<\/strong> Para muchos pacientes, controlar la <strong id=\"e-mt9c21v7-vt9dgwi\">enfermedad implica una combinaci\u00f3n de consultas m\u00e9dicas, tratamientos preventivos, medicamentos para las crisis y controles recurrentes con especialistas<\/strong>. Gastos que pueden mantenerse durante a\u00f1os y que, en los casos m\u00e1s complejos, <strong id=\"e-mt9c21v7-p0tv6d9\">representan una carga econ\u00f3mica dif\u00edcil de sostener que deriva en abandono de este proceso por el coste econ\u00f3mico<\/strong>. <br><br>La situaci\u00f3n es <strong id=\"e-mt9c21v7-w4ilbie\">especialmente cr\u00edtica para quienes viven con <\/strong><a target=\"_blank\" href=\"https:\/\/my.clevelandclinic.org\/health\/diseases\/9638-chronic-migraine\" id=\"e-mt9c21v7-4g9sixq\"><strong id=\"e-mt9c21v7-7dh14ih\"><u id=\"e-mt9c21v7-bqprojd\">migra\u00f1a cr\u00f3nica<\/u><\/strong><\/a>, una condici\u00f3n que contempla <strong id=\"e-mt9c21v7-00209br\">crisis durante 15 o m\u00e1s d\u00edas al mes durante al menos tres meses y que, en algunos pacientes, no responde a los tratamientos convencionales disponibles.<br><\/strong><br>En estos casos, los m\u00e9dicos pueden indicar terapias preventivas m\u00e1s avanzadas, como los <a target=\"_blank\" href=\"https:\/\/www.cancer.org\/es\/cancer\/como-sobrellevar-el-cancer\/tipos-de-tratamiento\/inmunoterapia\/anticuerpos-monoclonales.html\" id=\"e-mt9c21v7-qsfaiyz\"><strong id=\"e-mt9c21v7-dt395hg\"><u id=\"e-mt9c21v7-n03am9l\">anticuerpos monoclonales<\/u><\/strong><\/a> dirigidos contra el <a target=\"_blank\" href=\"https:\/\/www.quironsalud.com\/blogs\/es\/cefablog\/anticuerpos-monoclonales-amc-peptido-relacionado-gen-calcit.nodos,30,10\" id=\"e-mt9c21v7-u1ycxc0\"><strong id=\"e-mt9c21v7-j6mcyy7\"><u id=\"e-mt9c21v7-odnvk18\">p\u00e9ptido relacionado con el gen de la calcitonina (CGRP)<\/u><\/strong><\/a>, una alternativa desarrollada espec\u00edficamente para <strong id=\"e-mt9c21v7-k3u68pk\">disminuir la frecuencia e intensidad de las crisis<\/strong>.<br><br>Sin embargo, acceder a estos tratamientos puede convertirse en una barrera econ\u00f3mica. En Chile, algunas <strong id=\"e-mt9c21v7-mruzutb\">terapias preventivas<\/strong> pueden alcanzar valores cercanos a los <strong id=\"e-mt9c21v7-4ef57qy\">$300 mil mensuales<\/strong>, <strong id=\"e-mt9c21v7-s94krk6\">dependiendo del medicamento indicado y la duraci\u00f3n del tratamiento<\/strong>.&nbsp;<br><br>Con respecto a esto, <a target=\"_blank\" href=\"https:\/\/www.tiktok.com\/@migranaenfococl\/video\/7651408100016098581?is_from_webapp=1&amp;sender_device=pc&amp;web_id=7594297813065188920\" id=\"e-mt9c21v7-xc44kgf\"><strong id=\"e-mt9c21v7-5an16gi\"><u id=\"e-mt9c21v7-uq5y6na\">Antonia Cancino<\/u><\/strong><\/a><strong id=\"e-mt9c21v7-fz8vhe0\">, quien es presidenta y fundadora del <\/strong><a target=\"_self\" href=\"https:\/\/migranaenfoco.cl\/?p=927\" id=\"e-mt9c21v7-z8yqpyk\"><strong id=\"e-mt9c21v7-og101lt\"><u id=\"e-mt9c21v7-w9b4pvl\">Club de La Migra\u00f1a<\/u><\/strong><\/a><strong id=\"e-mt9c21v7-msvzg6r\">&nbsp;<\/strong>explica que <strong id=\"e-mt9c21v7-pvk27hf\">\u201clos pacientes deben pagarlos de su bolsillo, lo que los hace inalcanzables\u201d<\/strong>. Si bien en Chile existen medicamentos que ayudan a <strong id=\"e-mt9c21v7-z9glwj6\">mitigar la migra\u00f1a,<\/strong> como la familia de los<a target=\"_blank\" href=\"https:\/\/es.wikipedia.org\/wiki\/Tript%C3%A1n\" id=\"e-mt9c21v7-mr1m995\"> <strong id=\"e-mt9c21v7-532x0vi\"><u id=\"e-mt9c21v7-o9n85m5\">triptanes<\/u><\/strong><\/a>, que incluye <a target=\"_blank\" href=\"https:\/\/medlineplus.gov\/spanish\/druginfo\/meds\/a601116-es.html\" id=\"e-mt9c21v7-ku4r6a4\"><strong id=\"e-mt9c21v7-aggbgzr\"><u id=\"e-mt9c21v7-cq84ikd\">sumatript\u00e1n<\/u><\/strong><\/a>, <a target=\"_blank\" href=\"https:\/\/medlineplus.gov\/spanish\/druginfo\/meds\/a601129-es.html\" id=\"e-mt9c21v7-0y0bmf0\"><strong id=\"e-mt9c21v7-48ffddi\"><u id=\"e-mt9c21v7-iqwik6m\">zolmitript\u00e1n<\/u><\/strong><\/a> y <a target=\"_blank\" href=\"https:\/\/medlineplus.gov\/spanish\/druginfo\/meds\/a601109-es.html\" id=\"e-mt9c21v7-7rbmgug\"><strong id=\"e-mt9c21v7-im72u9r\"><u id=\"e-mt9c21v7-fjxel0v\">rizatript\u00e1n<\/u><\/strong><\/a>. Estos se utilizan como <a target=\"_blank\" href=\"https:\/\/www.mayoclinic.org\/es\/diseases-conditions\/migraine-headache\/diagnosis-treatment\/drc-20360207\" id=\"e-mt9c21v7-w3zinrw\"><strong id=\"e-mt9c21v7-my8ve8i\"><u id=\"e-mt9c21v7-f2plej3\">f\u00e1rmacos de rescate (SOS) <\/u><\/strong><\/a>para <strong id=\"e-mt9c21v7-ipwch6j\">frenar episodios de migra\u00f1a ya iniciados<\/strong>, es decir, <strong id=\"e-mt9c21v7-k8rpt52\">no tienen un efecto preventivo<\/strong> y que pueden generar efectos secundarios que van desde mareos hasta dolor en el pecho, por lo que su uso<a target=\"_blank\" href=\"https:\/\/euroespes.com\/boletin-medico\/enfermedades-del-sistema-nervioso\/migrana\/los-triptanes-estan-contraindicados-para-tratamiento-de-la-migrana-en-pacientes-con-riesgo-de-infarto-de-miocardio-y-o-accidentes-cerebrovasculares\/\" id=\"e-mt9c21v7-xthiajx\"> <strong id=\"e-mt9c21v7-nbw2x7k\"><u id=\"e-mt9c21v7-4lkozz2\">no se recomienda en personas con problemas card\u00edacos<\/u><\/strong><u id=\"e-mt9c21v7-kz3igtb\">.<\/u><\/a><br><br>Como referencia, medicamentos como <a target=\"_blank\" href=\"https:\/\/www.cruzverde.cl\/rifalan-10-mg-6-comprimidos-bucodispersables\/567314.html\" id=\"e-mt9c21v7-bszg427\"><strong id=\"e-mt9c21v7-u219ku8\"><u id=\"e-mt9c21v7-04ham8n\">Rifalan<\/u><\/strong><\/a> (Rizatript\u00e1n 10 mg) o <a target=\"_blank\" href=\"https:\/\/salcobrand.cl\/products\/keval-eletriptan-40mg-6-comprimidos-recubiertos?srsltid=AfmBOoqRBqwJP_lJ56jW8XfJ91CbUEiKNOVWqc7IBmoAID85jlDK7qBX\" id=\"e-mt9c21v7-h9utszm\"><strong id=\"e-mt9c21v7-ti7mwjl\"><u id=\"e-mt9c21v7-pzswwy6\">Keval<\/u><\/strong><\/a> (Eletript\u00e1n Bromhidrato 40 mg) suelen comercializarse en cajas de seis comprimidos. Seg\u00fan precios de referencia observados en farmacias nacionales, estas presentaciones podr\u00edan encontrarse en un rango aproximado de entre $19.280 y $26.900, aunque los valores pueden variar seg\u00fan la farmacia, la ubicaci\u00f3n y las promociones vigentes.<br><br>En algunos pacientes el tratamiento preventivo de la migra\u00f1a puede incluir anticuerpos monoclonales como <a target=\"_self\" href=\"https:\/\/migranaenfoco.cl\/?p=704\" id=\"e-mt9c21v7-9kumexz\"><strong id=\"e-mt9c21v7-f1qnmev\"><u id=\"e-mt9c21v7-oxp2jum\">Pasurta<\/u><\/strong><\/a>, <a target=\"_blank\" href=\"https:\/\/www.cruzverde.com.co\/emgality-120mgml-solucion-inyeccion-caja-x-1aut-iny-prellenada-x-1ml\/COCV_548400.html\" id=\"e-mt9c21v7-2c9ihi2\"><strong id=\"e-mt9c21v8-67b9zzt\"><u id=\"e-mt9c21v8-xtk8zyx\">Emgality<\/u><\/strong><\/a>, <a target=\"_blank\" href=\"https:\/\/www.ispch.cl\/wp-content\/uploads\/2021\/08\/B-2902.pdf\" id=\"e-mt9c21v8-vup07lb\"><strong id=\"e-mt9c21v8-6jkr1wx\"><u id=\"e-mt9c21v8-2ibag3t\">Ajovy<\/u><\/strong><\/a> o <a target=\"_blank\" href=\"https:\/\/www.ema.europa.eu\/es\/documents\/product-information\/vyepti-epar-product-information_es.pdf\" id=\"e-mt9c21v8-ds1kq6g\"><strong id=\"e-mt9c21v8-592a7nb\"><u id=\"e-mt9c21v8-zqcqeqg\">Vyepti<\/u><\/strong><\/a>. Estos medicamentos requieren receta m\u00e9dica y s\u00f3lo se indican en casos espec\u00edficos. Cuando son prescritos su costo puede fluctuar entre <strong id=\"e-mt9c21v8-kz3i5q5\">$200.000 y $300.000 por dosis<\/strong>, seg\u00fan el medicamento y el establecimiento donde se adquieran.<br><br><a target=\"_blank\" href=\"https:\/\/www.instagram.com\/reel\/DYxqoFBziaR\/?utm_source=ig_web_copy_link&amp;igsh=MzRlODBiNWFlZA==\" id=\"e-mt9c21v8-3rl2y2d\"><strong id=\"e-mt9c21v8-gfj3ndx\"><u id=\"e-mt9c21v8-mxs32u3\">Antonia Vergara<\/u><\/strong><\/a>&nbsp;mes a mes trata sus migra\u00f1as con&nbsp;<a target=\"_self\" href=\"https:\/\/migranaenfoco.cl\/?p=704\" id=\"e-mt9c21v8-0o3sa3g\"><strong id=\"e-mt9c21v8-bf0hjun\"><u id=\"e-mt9c21v8-iv0jfo9\">Pasurta<\/u><\/strong><\/a>, un f\u00e1rmaco inyectable utilizado en pacientes con migra\u00f1a que requieren una alternativa preventiva espec\u00edfica. Su valor puede superar los <strong id=\"e-mt9c21v8-igiyig6\">$200 mil por dosis,<\/strong> un costo que debe ser asumido directamente por el paciente al no contar con una cobertura generalizada dentro del sistema de salud.<br><br>Para quienes necesitan mantener estos tratamientos durante meses o a\u00f1os, <strong id=\"e-mt9c21v8-hjkiw0l\">la decisi\u00f3n muchas veces no est\u00e1 entre mejorar o no mejorar<\/strong>, sino<strong id=\"e-mt9c21v8-6m82jaa\"> entre pagar un tratamiento o destinar esos recursos a otras necesidades b\u00e1sicas<\/strong>.<br><br>Esa realidad tambi\u00e9n la conoce <a target=\"_blank\" href=\"https:\/\/www.instagram.com\/reel\/DaWOM0LTPvG\/?utm_source=ig_web_copy_link&amp;igsh=MzRlODBiNWFlZA==\" id=\"e-mt9c21v8-5tdbegw\"><strong id=\"e-mt9c21v8-kcxmr6p\"><u id=\"e-mt9c21v8-q6bs0nj\">Sarah Russo<\/u><\/strong><\/a>, abogada y partner de Casa Ideas, quien durante a\u00f1os <strong id=\"e-mt9c21v8-6qtuxot\">ha tenido que financiar sus  tratamientos para controlar la enfermedad<\/strong>. Para ella&nbsp;<strong id=\"e-mt9c21v8-i25qu55\">avanzar hacia una mayor cobertura es fundamental, aunque advierte que incorporar la migra\u00f1a dentro del sistema sanitario no debe limitarse \u00fanicamente a incluirla en un listado de patolog\u00edas<\/strong> asegurando que \"tiene que estar bien cubierta, con especialistas, controles y tratamientos que realmente sirvan\".<br><\/p>\n\t\t\n<\/div>\n<div class=\"elementor-element elementor-element-9961e72 e-con e-atomic-element e-flexbox-base e-b719446 \" data-id=\"9961e72\" data-element_type=\"e-flexbox\" data-e-type=\"e-flexbox\" data-interaction-id=\"9961e72\">\n    \t\t<div class=\"elementor-element elementor-element-0da7ba3 elementor-invisible elementor-widget elementor-widget-html\" data-id=\"0da7ba3\" data-element_type=\"widget\" data-e-type=\"widget\" data-settings=\"{&quot;_animation&quot;:&quot;fadeInRight&quot;}\" data-widget_type=\"html.default\">\n\t\t\t\t\t<blockquote class=\"instagram-media\" data-instgrm-permalink=\"https:\/\/www.instagram.com\/reel\/DaWOM0LTPvG\/?utm_source=ig_embed&amp;utm_campaign=loading\" data-instgrm-version=\"14\" style=\" background:#FFF; border:0; border-radius:3px; box-shadow:0 0 1px 0 rgba(0,0,0,0.5),0 1px 10px 0 rgba(0,0,0,0.15); margin: 1px; max-width:540px; min-width:326px; padding:0; width:99.375%; width:-webkit-calc(100% - 2px); width:calc(100% - 2px);\"><div style=\"padding:16px;\"> <a href=\"https:\/\/www.instagram.com\/reel\/DaWOM0LTPvG\/?utm_source=ig_embed&amp;utm_campaign=loading\" style=\" background:#FFFFFF; line-height:0; padding:0 0; text-align:center; text-decoration:none; width:100%;\" target=\"_blank\"> <div style=\" display: flex; flex-direction: row; align-items: center;\"> <div style=\"background-color: #F4F4F4; border-radius: 50%; flex-grow: 0; height: 40px; margin-right: 14px; width: 40px;\"><\/div> <div style=\"display: flex; flex-direction: column; flex-grow: 1; justify-content: center;\"> <div style=\" background-color: #F4F4F4; border-radius: 4px; flex-grow: 0; height: 14px; margin-bottom: 6px; width: 100px;\"><\/div> <div style=\" background-color: #F4F4F4; border-radius: 4px; flex-grow: 0; height: 14px; width: 60px;\"><\/div><\/div><\/div><div style=\"padding: 19% 0;\"><\/div> <div style=\"display:block; height:50px; margin:0 auto 12px; width:50px;\"><svg width=\"50px\" height=\"50px\" viewBox=\"0 0 60 60\" version=\"1.1\" xmlns=\"https:\/\/www.w3.org\/2000\/svg\" xmlns:xlink=\"https:\/\/www.w3.org\/1999\/xlink\"><g stroke=\"none\" stroke-width=\"1\" fill=\"none\" fill-rule=\"evenodd\"><g transform=\"translate(-511.000000, -20.000000)\" fill=\"#000000\"><g><path d=\"M556.869,30.41 C554.814,30.41 553.148,32.076 553.148,34.131 C553.148,36.186 554.814,37.852 556.869,37.852 C558.924,37.852 560.59,36.186 560.59,34.131 C560.59,32.076 558.924,30.41 556.869,30.41 M541,60.657 C535.114,60.657 530.342,55.887 530.342,50 C530.342,44.114 535.114,39.342 541,39.342 C546.887,39.342 551.658,44.114 551.658,50 C551.658,55.887 546.887,60.657 541,60.657 M541,33.886 C532.1,33.886 524.886,41.1 524.886,50 C524.886,58.899 532.1,66.113 541,66.113 C549.9,66.113 557.115,58.899 557.115,50 C557.115,41.1 549.9,33.886 541,33.886 M565.378,62.101 C565.244,65.022 564.756,66.606 564.346,67.663 C563.803,69.06 563.154,70.057 562.106,71.106 C561.058,72.155 560.06,72.803 558.662,73.347 C557.607,73.757 556.021,74.244 553.102,74.378 C549.944,74.521 548.997,74.552 541,74.552 C533.003,74.552 532.056,74.521 528.898,74.378 C525.979,74.244 524.393,73.757 523.338,73.347 C521.94,72.803 520.942,72.155 519.894,71.106 C518.846,70.057 518.197,69.06 517.654,67.663 C517.244,66.606 516.755,65.022 516.623,62.101 C516.479,58.943 516.448,57.996 516.448,50 C516.448,42.003 516.479,41.056 516.623,37.899 C516.755,34.978 517.244,33.391 517.654,32.338 C518.197,30.938 518.846,29.942 519.894,28.894 C520.942,27.846 521.94,27.196 523.338,26.654 C524.393,26.244 525.979,25.756 528.898,25.623 C532.057,25.479 533.004,25.448 541,25.448 C548.997,25.448 549.943,25.479 553.102,25.623 C556.021,25.756 557.607,26.244 558.662,26.654 C560.06,27.196 561.058,27.846 562.106,28.894 C563.154,29.942 563.803,30.938 564.346,32.338 C564.756,33.391 565.244,34.978 565.378,37.899 C565.522,41.056 565.552,42.003 565.552,50 C565.552,57.996 565.522,58.943 565.378,62.101 M570.82,37.631 C570.674,34.438 570.167,32.258 569.425,30.349 C568.659,28.377 567.633,26.702 565.965,25.035 C564.297,23.368 562.623,22.342 560.652,21.575 C558.743,20.834 556.562,20.326 553.369,20.18 C550.169,20.033 549.148,20 541,20 C532.853,20 531.831,20.033 528.631,20.18 C525.438,20.326 523.257,20.834 521.349,21.575 C519.376,22.342 517.703,23.368 516.035,25.035 C514.368,26.702 513.342,28.377 512.574,30.349 C511.834,32.258 511.326,34.438 511.181,37.631 C511.035,40.831 511,41.851 511,50 C511,58.147 511.035,59.17 511.181,62.369 C511.326,65.562 511.834,67.743 512.574,69.651 C513.342,71.625 514.368,73.296 516.035,74.965 C517.703,76.634 519.376,77.658 521.349,78.425 C523.257,79.167 525.438,79.673 528.631,79.82 C531.831,79.965 532.853,80.001 541,80.001 C549.148,80.001 550.169,79.965 553.369,79.82 C556.562,79.673 558.743,79.167 560.652,78.425 C562.623,77.658 564.297,76.634 565.965,74.965 C567.633,73.296 568.659,71.625 569.425,69.651 C570.167,67.743 570.674,65.562 570.82,62.369 C570.966,59.17 571,58.147 571,50 C571,41.851 570.966,40.831 570.82,37.631\"><\/path><\/g><\/g><\/g><\/svg><\/div><div style=\"padding-top: 8px;\"> <div style=\" color:#3897f0; font-family:Arial,sans-serif; font-size:14px; font-style:normal; font-weight:550; line-height:18px;\">Ver esta publicaci\u00f3n en Instagram<\/div><\/div><div style=\"padding: 12.5% 0;\"><\/div> <div style=\"display: flex; flex-direction: row; margin-bottom: 14px; align-items: center;\"><div> <div style=\"background-color: #F4F4F4; border-radius: 50%; height: 12.5px; width: 12.5px; transform: translateX(0px) translateY(7px);\"><\/div> <div style=\"background-color: #F4F4F4; height: 12.5px; transform: rotate(-45deg) translateX(3px) translateY(1px); width: 12.5px; flex-grow: 0; margin-right: 14px; margin-left: 2px;\"><\/div> <div style=\"background-color: #F4F4F4; border-radius: 50%; height: 12.5px; width: 12.5px; transform: translateX(9px) translateY(-18px);\"><\/div><\/div><div style=\"margin-left: 8px;\"> <div style=\" background-color: #F4F4F4; border-radius: 50%; flex-grow: 0; height: 20px; width: 20px;\"><\/div> <div style=\" width: 0; height: 0; border-top: 2px solid transparent; border-left: 6px solid #f4f4f4; border-bottom: 2px solid transparent; transform: translateX(16px) translateY(-4px) rotate(30deg)\"><\/div><\/div><div style=\"margin-left: auto;\"> <div style=\" width: 0px; border-top: 8px solid #F4F4F4; border-right: 8px solid transparent; transform: translateY(16px);\"><\/div> <div style=\" background-color: #F4F4F4; flex-grow: 0; height: 12px; width: 16px; transform: translateY(-4px);\"><\/div> <div style=\" width: 0; height: 0; border-top: 8px solid #F4F4F4; border-left: 8px solid transparent; transform: translateY(-4px) translateX(8px);\"><\/div><\/div><\/div> <div style=\"display: flex; flex-direction: column; flex-grow: 1; justify-content: center; margin-bottom: 24px;\"> <div style=\" background-color: #F4F4F4; border-radius: 4px; flex-grow: 0; height: 14px; margin-bottom: 6px; width: 224px;\"><\/div> <div style=\" background-color: #F4F4F4; border-radius: 4px; flex-grow: 0; height: 14px; width: 144px;\"><\/div><\/div><\/a><p style=\" color:#c9c8cd; font-family:Arial,sans-serif; font-size:14px; line-height:17px; margin-bottom:0; margin-top:8px; overflow:hidden; padding:8px 0 7px; text-align:center; text-overflow:ellipsis; white-space:nowrap;\"><a href=\"https:\/\/www.instagram.com\/reel\/DaWOM0LTPvG\/?utm_source=ig_embed&amp;utm_campaign=loading\" style=\" color:#c9c8cd; font-family:Arial,sans-serif; font-size:14px; font-style:normal; font-weight:normal; line-height:17px; text-decoration:none;\" target=\"_blank\">Una publicaci\u00f3n compartida de Migra\u00f1a En Foco (@migranaenfococl)<\/a><\/p><\/div><\/blockquote>\n<script async src=\"\/\/www.instagram.com\/embed.js\"><\/script>\t\t\t\t<\/div>\n\t\t\n<\/div>\n<div class=\"elementor-element elementor-element-dd3fc19 e-con e-atomic-element e-flexbox-base e-6bac1a9 \" data-id=\"dd3fc19\" data-element_type=\"e-flexbox\" data-e-type=\"e-flexbox\" data-interaction-id=\"dd3fc19\">\n    \t\t\t<p class=\"e-paragraph-base\" data-interaction-id=\"757e372\"><strong id=\"e-mt9c7tx5-ps1lzjj\">Y es que seg\u00fan un estudio el l\u00ednea realizado en 2025 por la<\/strong><a target=\"_blank\" href=\"https:\/\/www.americashealthfoundation.org\/\" id=\"e-mt9c7tx5-gy6gjby\"><strong id=\"e-mt9c7tx5-g3zur05\"><u id=\"e-mt9c7tx5-w6ubkz9\"> <\/u><\/strong><\/a><a target=\"_self\" href=\"https:\/\/api.americashealthfoundation.org\/wp-content\/uploads\/Regional%20Migraine%20Survey%20Report%20V6%20FINAL.pdf\" id=\"e-mt9c7tx5-ngwx54a\"><strong id=\"e-mt9c7tx5-5l20upy\"><u id=\"e-mt9c7tx5-12wrhyr\">American Health Foundation (AHF), el cual reuni\u00f3 respuestas de 2.027 adultos con migra\u00f1a moderada a grave en Argentina, Brasil, Chile, Colombia, Costa Rica, M\u00e9xico y Per\u00fa, determin\u00f3 que&nbsp;<\/u>el 62% de los pacientes en Chile dej\u00f3 su tratamiento o lo interrumpi\u00f3 por el alto costo<\/strong><\/a><strong id=\"e-mt9c7tx5-1xwh76b\">.<\/strong><br><br>Dicho impacto econ\u00f3mico tambi\u00e9n est\u00e1 presente en la historia de Antonia Vergara, quien <strong id=\"e-mt9c7tx5-o4bj4fy\">durante a\u00f1os ha buscado<\/strong> distintas alternativas para <strong id=\"e-mt9c7tx5-z387fzq\">disminuir sus crisis<\/strong>, enfrentando tratamientos que <strong id=\"e-mt9c7tx5-xgsnle9\">no siempre tuvieron los resultados esperados y que significaron un esfuerzo constante para ella y su familia. <br><br><\/strong>Sin embargo, <strong id=\"e-mt9c7tx5-mcq2ba7\">el costo de la migra\u00f1a no se limita \u00fanicamente al aspecto econ\u00f3mico<\/strong>. En este sentido, la&nbsp;<a target=\"_blank\" href=\"https:\/\/www.tiktok.com\/@migranaenfococl\/video\/7646175407133232405?is_from_webapp=1&amp;sender_device=pc&amp;web_id=7594297813065188920\" id=\"e-mt9c7tx5-54tq1yy\"><strong id=\"e-mt9c7tx5-wc14x9l\"><u id=\"e-mt9c7tx5-87zzo9k\">psic\u00f3loga cl\u00ednica Carolina Herrera Troncoso<\/u><\/strong><\/a><u id=\"e-mt9c7tx5-3402ss1\">,<\/u> especialista en acompa\u00f1amiento a pacientes con esta enfermedad, explica que <strong id=\"e-mt9c7tx5-s3ji4t5\">las crisis tambi\u00e9n tienen consecuencias emocionales y sociales<\/strong>. \u201c<strong id=\"e-mt9c7tx5-3cr2xa7\">La migra\u00f1a se vive en el cuerpo, en la mente y en el entorno<\/strong>\u201d, afirma, se\u00f1alando que muchas personas enfrentan ansiedad, aislamiento y dificultades para mantener sus actividades laborales y familiares.<br><br>Cada crisis puede <strong id=\"e-mt9c7tx5-tu4otm2\">significar faltar al trabajo, suspender actividades familiares, perder jornadas de estudio o modificar completamente una rutina<\/strong>. Para quienes viven con episodios frecuentes, la <strong id=\"e-mt9c7tx5-c2tku77\">enfermedad tambi\u00e9n tiene un impacto laboral y social que pocas veces queda registrado.<br><br>Adem\u00e1s de trabajar acompa\u00f1ando a los pacientes, la especialista convive con esta condici\u00f3n<\/strong>, lo que le ha permitido conocer de cerca sus efectos en la salud mental. Desde esa doble experiencia se\u00f1ala que el apoyo psico emocional es esencial, porque <strong id=\"e-mt9c7tx5-t7w5g2j\">la migra\u00f1a incrementa la ansiedad, puede derivar en depresi\u00f3n y afecta la vida social y laboral. <\/strong>En su consulta identifica detonantes como el estr\u00e9s, la mala higiene del sue\u00f1o y ciertos h\u00e1bitos alimentarios, y advierte que muchas personas sufren aislamiento y estigma. <strong id=\"e-mt9c7tx5-qhd3s38\">Tambi\u00e9n observa que, ante la falta de opciones, es frecuente recurrir a la<\/strong><a target=\"_blank\" href=\"https:\/\/migranaenfoco.cl\/?p=710\" id=\"e-mt9c7tx5-962jmit\"><strong id=\"e-mt9c7tx5-wl2mhb9\"> <u id=\"e-mt9c7tx5-ygz2zw3\">automedicaci\u00f3n<\/u><\/strong><\/a><strong id=\"e-mt9c7tx5-2k8cd5p\">.<\/strong><br><br>Y es que <strong id=\"e-mt9c7tx5-7tbedyu\">el precio de la migra\u00f1a no se mide solamente en pesos<\/strong>. Tambi\u00e9n se refleja en los d\u00edas que una persona deja de vivir con normalidad por una enfermedad que, aunque no siempre es visible para los dem\u00e1s, <strong id=\"e-mt9c7tx5-wnr45qy\">puede limitar profundamente su autonom\u00eda<\/strong>.<\/p>\n\t\t\n<\/div>\n<div class=\"elementor-element elementor-element-434c0a4 e-con e-atomic-element e-flexbox-base e-8bac183 \" data-id=\"434c0a4\" data-element_type=\"e-flexbox\" data-e-type=\"e-flexbox\" data-interaction-id=\"434c0a4\">\n    \t\t<div class=\"elementor-element elementor-element-6a82624 elementor-invisible elementor-widget elementor-widget-audio\" data-id=\"6a82624\" data-element_type=\"widget\" data-e-type=\"widget\" data-settings=\"{&quot;_animation&quot;:&quot;fadeInRight&quot;}\" data-widget_type=\"audio.default\">\n\t\t\t\t\t\t\t\t<div class=\"elementor-soundcloud-wrapper\">\n\t\t\t\t<iframe width=\"500\" height=\"400\" frameborder=\"no\" allow=\"autoplay; encrypted-media\" src=\"https:\/\/w.soundcloud.com\/player\/?visual=true&amp;url=https%3A%2F%2Fapi.soundcloud.com%2Ftracks%2F2364280133&amp;show_artwork=false&amp;maxheight=750&amp;maxwidth=500&amp;auto_play=false&amp;buying=false&amp;liking=false&amp;download=false&amp;sharing=false&amp;show_comments=false&amp;show_playcount=true&amp;show_user=true&amp;color\"><\/iframe>\t\t\t<\/div>\n\t\t\t\t\t\t\t<\/div>\n\t\t\n<\/div>\n<div class=\"elementor-element elementor-element-6067a21 e-con e-atomic-element e-flexbox-base e-e75dafe \" data-id=\"6067a21\" data-element_type=\"e-flexbox\" data-e-type=\"e-flexbox\" data-interaction-id=\"6067a21\">\n    \t\t\t<h2 data-interaction-id=\"dc236f3\" class=\"e-heading-base\"><strong id=\"e-mt9cd6r2-78stdzz\">Dificultades para conseguir un diagn\u00f3stico en Chile: pacientes con migra\u00f1a<\/strong><\/h2>\n\t\t\n<\/div>\n<div class=\"elementor-element elementor-element-0d64f3a e-con e-atomic-element e-flexbox-base e-da40622 \" data-id=\"0d64f3a\" data-element_type=\"e-flexbox\" data-e-type=\"e-flexbox\" data-interaction-id=\"0d64f3a\">\n    \t\t\t<p class=\"e-paragraph-base\" data-interaction-id=\"9473903\">Para muchas personas que viven con migra\u00f1a, <strong id=\"e-mt9cdqrk-ba5h7wk\">conseguir un diagn\u00f3stico adecuado no representa el final de un problema<\/strong>, <strong id=\"e-mt9cdqrk-f86b4xv\">sino el inicio de una larga b\u00fasqueda por encontrar un tratamiento que permita recuperar parte de su vida cotidiana<\/strong>.<br><br>Aunque se trata de una de las <strong id=\"e-mt9cdqrk-ab0a7rm\">enfermedades neurol\u00f3gicas m\u00e1s frecuentes del mundo<\/strong>, su <strong id=\"e-mt9cdqrk-00a8oit\">diagn\u00f3stico y manejo requieren profesional con formaci\u00f3n espec\u00edfica en cefaleas<\/strong>, un \u00e1rea de la neurolog\u00eda que todav\u00eda cuenta con <strong id=\"e-mt9cdqrk-764j7sh\">pocos especialistas en Chile,<\/strong> sobre todo si se trata de <strong id=\"e-mt9cdqrk-dorh2mf\">migra\u00f1a<\/strong>.<br><br>La falta de estos profesionales genera una brecha de acceso que afecta especialmente a quienes dependen del sistema p\u00fablico de salud. En muchas ocasiones, los <strong id=\"e-mt9cdqrk-pqvv6s1\">pacientes deben esperar largos periodos para conseguir una atenci\u00f3n especializada<\/strong> o recurrir al sistema privado, donde los costos asociados pueden transformarse en una nueva barrera.<br><br>La <strong id=\"e-mt9cdqrk-e2g2qpu\">Encuesta Anual al Paciente 2024<\/strong>, elaborada por el <a target=\"_blank\" href=\"https:\/\/migranaenfoco.cl\/?p=927\" id=\"e-mt9cdqrk-833icsb\"><strong id=\"e-mt9cdqrk-3z0blgl\"><u id=\"e-mt9cdqrk-4va8s48\">Club de La Migra\u00f1a<\/u><\/strong><\/a>, refleja esta dificultad, dado que aunque el <strong id=\"e-mt9cdqrk-sxzt6i5\">67% de personas consultadas se\u00f1ala haber acudido a un neur\u00f3logo durante el \u00faltimo a\u00f1o<\/strong>, solo <strong id=\"e-mt9cdqrk-hcp2d4i\">un 49,7% asegura haber sido atendido por un especialista con formaci\u00f3n espec\u00edfica en cefaleas<\/strong>, mientras que un <strong id=\"e-mt9cdqrk-zy2bc5u\">32,4% dice haberse atendido con un neur\u00f3logo que no ten\u00eda formaci\u00f3n en cefalea.<\/strong> Adem\u00e1s, un <strong id=\"e-mt9cdqrk-dhwkkfx\">17,8% reconoce no saber si el profesional que lo atendi\u00f3 contaba con esa preparaci\u00f3n<\/strong>.<\/p>\n\t\t\n<\/div>\n<div class=\"elementor-element elementor-element-b74358d e-con e-atomic-element e-flexbox-base e-1457b34 \" data-id=\"b74358d\" data-element_type=\"e-flexbox\" data-e-type=\"e-flexbox\" data-interaction-id=\"b74358d\">\n    \t\t<div class=\"elementor-element elementor-element-8219096 elementor-widget__width-initial elementor-invisible elementor-widget elementor-widget-html\" data-id=\"8219096\" data-element_type=\"widget\" data-e-type=\"widget\" data-settings=\"{&quot;_animation&quot;:&quot;fadeInRight&quot;}\" data-widget_type=\"html.default\">\n\t\t\t\t\t<div style=\"position: relative; width: 100%; height: 0px; padding: 100% 0px 0px; overflow: hidden; will-change: transform;\"><iframe loading=\"lazy\" src=\"https:\/\/e.infogram.com\/ad2aa598-518e-49bd-8cbd-7c35d1263b64?src=embed&amp;embed_type=responsive_iframe\" title=\"Untitled\" allowfullscreen=\"\" allow=\"fullscreen\" style=\"position: absolute; width: 100%; height: 100%; top: 0px; left: 0px; border-width: medium; border-style: none; border-color: currentcolor; border-image: none; padding: 0px; margin: 0px;\"><\/iframe><\/div><div style=\"padding: 8px 0px; font-family: Arial; font-size: 13px; line-height: 15px; text-align: center; border-top: 1px solid rgb(218, 218, 218); margin: 0px 30px;\"><a href=\"https:\/\/infogram.com\/untitled-1h9j6q7qm1nr54g\" target=\"_blank\" style=\"color: rgb(152, 152, 152); text-decoration: none;\">Untitled<\/a><br><a href=\"https:\/\/infogram.com\" target=\"_blank\" rel=\"nofollow\" style=\"color: rgb(152, 152, 152); text-decoration: none;\">Infogram<\/a><\/div>\t\t\t\t<\/div>\n\t\t\n<\/div>\n<div class=\"elementor-element elementor-element-3e3902a e-con e-atomic-element e-flexbox-base e-c14f271 \" data-id=\"3e3902a\" data-element_type=\"e-flexbox\" data-e-type=\"e-flexbox\" data-interaction-id=\"3e3902a\">\n    \t\t\t<p class=\"e-paragraph-base\" data-interaction-id=\"e4c1630\">Para quienes viven con migra\u00f1a, esta diferencia puede significar <strong id=\"e-mrt7hzn3-nwxaidx\">a\u00f1os intentando encontrar una respuesta<\/strong>. Antes de acceder a un manejo adecuado, <strong id=\"e-mrt7hzn3-22pcos2\">muchos pacientes atraviesan consultas donde sus s\u00edntomas son reducidos a un simple dolor de cabeza,<\/strong> <strong id=\"e-mrt7hzn3-095xpqt\">tratados como episodios aislados <\/strong>o <strong id=\"e-mrt7hzn3-h3vjt5o\">abordados sin considerar la complejidad de la enfermedad.<br><br><\/strong>El <strong id=\"e-mrt7hzn3-t9jmil1\">neur\u00f3logo <\/strong><a target=\"_blank\" href=\"https:\/\/www.tiktok.com\/@migranaenfococl\/video\/7655379237695687956?is_from_webapp=1&amp;sender_device=pc&amp;web_id=7594297813065188920\" id=\"e-mrt7hzn3-9af19ds\"><strong id=\"e-mrt7hzn3-cjzvs9m\"><u id=\"e-mrt7hzn3-96qzo6z\">Ra\u00fal Juliet P\u00e9rez<\/u><\/strong><\/a> y<a target=\"_blank\" href=\"https:\/\/acefalch.cl\/\" id=\"e-mrt7hzn3-h3ejj0f\"><strong id=\"e-mrt7hzn3-7fmxz0g\"><u id=\"e-mrt7hzn3-cnmrquy\"> presidente de la Asociaci\u00f3n de Cefalea y Algias Craneofaciales de Chile (ACEFALCh)<\/u><\/strong><\/a>, explica que uno de los principales problemas es precisamente la escasez de especialistas dedicados al estudio y tratamiento de cefaleas.<br>A su juicio, esta <strong id=\"e-mrt7hzn3-j9e56eo\">falta de preparaci\u00f3n y acceso ha contribuido a que la migra\u00f1a permanezca<\/strong> como una enfermedad <strong id=\"e-mrt7hzn3-di88w0c\">\"callada o guardada\"<\/strong> durante a\u00f1os, tanto por la normalizaci\u00f3n del dolor por parte de los propios pacientes como por la falta de herramientas suficientes dentro del sistema sanitario. <br><br>\"La <strong id=\"e-mrt7hzn3-ymhp3c8\">no adecuada preparaci\u00f3n acad\u00e9mica al enfrentamiento de los dolores de cabeza<\/strong>, la <strong id=\"e-mrt7hzn3-sx684c9\">tendencia de los propios pacientes a normalizar el dolor,<\/strong> los <strong id=\"e-mrt7hzn3-nozawlc\">escasos grupos de apoyo<\/strong>, la <strong id=\"e-mrt7hzn3-oqkwu6g\">poca importancia dada por las autoridades p\u00fablicas<\/strong> y el <strong id=\"e-mrt7hzn3-4ry5efv\">dif\u00edcil acceso a los tratamientos debido a sus altos costos<\/strong>\" son algunos de los factores que, seg\u00fan Juliet P\u00e9rez, han mantenido a la enfermedad en segundo plano.<br><br>El especialista sostiene que \"<strong id=\"e-mrt7hzn3-ouwusb9\">no hay una sola culpa o responsabilidad<\/strong>\", sino que <strong id=\"e-mrt7hzn3-wt7hr7h\">es un problema multifactorial<\/strong> con la falta de educaci\u00f3n m\u00e9dica, las dificultades de acceso y ausencias de pol\u00edticas p\u00fablicas espec\u00edficas.<\/p>\n\t\t\n<\/div>\n<div class=\"elementor-element elementor-element-c62d228 e-con e-atomic-element e-flexbox-base e-9c2c2ce \" data-id=\"c62d228\" data-element_type=\"e-flexbox\" data-e-type=\"e-flexbox\" data-interaction-id=\"c62d228\">\n    \t\t<div class=\"elementor-element elementor-element-263e4bd elementor-invisible elementor-widget elementor-widget-html\" data-id=\"263e4bd\" data-element_type=\"widget\" data-e-type=\"widget\" data-settings=\"{&quot;_animation&quot;:&quot;fadeInRight&quot;}\" data-widget_type=\"html.default\">\n\t\t\t\t\t<iframe width=\"100%\" height=\"300\" scrolling=\"no\" frameborder=\"no\" allow=\"autoplay; encrypted-media\" src=\"https:\/\/w.soundcloud.com\/player\/?url=https%3A\/\/api.soundcloud.com\/tracks\/soundcloud%253Atracks%253A2352885380&color=%23cf44cf&auto_play=false&hide_related=false&show_comments=true&show_user=true&show_reposts=false&show_teaser=true&visual=true\"><\/iframe><div style=\"font-size: 10px; color: #cccccc;line-break: anywhere;word-break: normal;overflow: hidden;white-space: nowrap;text-overflow: ellipsis; font-family: Interstate,Lucida Grande,Lucida Sans Unicode,Lucida Sans,Garuda,Verdana,Tahoma,sans-serif;font-weight: 100;\"><a href=\"https:\/\/soundcloud.com\/migranaproyectouft\" title=\"migranaproyectouft\" target=\"_blank\" style=\"color: #cccccc; text-decoration: none;\">migranaproyectouft<\/a> \u00b7 <a href=\"https:\/\/soundcloud.com\/migranaproyectouft\/dr-raul-juliet-perez-neurologo\" title=\"Dr. Ra\u00fal Juliet P\u00e9rez, Neur\u00f3logo\" target=\"_blank\" style=\"color: #cccccc; text-decoration: none;\">Dr. Ra\u00fal Juliet P\u00e9rez, Neur\u00f3logo<\/a><\/div>\t\t\t\t<\/div>\n\t\t\n<\/div>\n<div class=\"elementor-element elementor-element-6f2a4f0 e-con e-atomic-element e-flexbox-base e-612e384 \" data-id=\"6f2a4f0\" data-element_type=\"e-flexbox\" data-e-type=\"e-flexbox\" data-interaction-id=\"6f2a4f0\">\n    \t\t\t<p class=\"e-paragraph-base\" data-interaction-id=\"383818d\">Como fue el caso de&nbsp;<strong id=\"e-mt9cetzg-xn8vyxi\">Antonia Vergara<\/strong>, ya que <strong id=\"e-mt9cetzg-61e6d9w\">aunque recibi\u00f3 su diagn\u00f3stico durante la infancia<\/strong>, el manejo de su <strong id=\"e-mt9cetzg-2rsl4cl\">enfermedad ha sido un proceso permanente de b\u00fasqueda de alternativas<\/strong>, <strong id=\"e-mt9cetzg-w3l9ywi\">tratamientos<\/strong> y <strong id=\"e-mt9cetzg-jg21ktb\">especialistas<\/strong> que permitan reducir la frecuencia e intensidad de sus crisis.<br><br>Y como ella, <strong id=\"e-mt9cetzg-p0xechd\">miles de pacientes contin\u00faan recorriendo un camino con m\u00e1s incertidumbres que certezas<\/strong>. Una enfermedad reconocida por la medicina internacional, pero que todav\u00eda <strong id=\"e-mt9cetzg-7n0x3if\">enfrenta desaf\u00edos para ser identificada, tratada y acompa\u00f1ada dentro del sistema de salud chileno.<\/strong><\/p>\n\t\t\n<\/div>\n<div class=\"elementor-element elementor-element-4a4b501 e-con e-atomic-element e-flexbox-base e-c96ab2c \" data-id=\"4a4b501\" data-element_type=\"e-flexbox\" data-e-type=\"e-flexbox\" data-interaction-id=\"4a4b501\">\n    \t\t\t<h2 data-interaction-id=\"9114141\" class=\"e-heading-base\"><strong id=\"e-mt9cgcoy-3ddb1va\">El Club de La Migra\u00f1a: la comunidad digital de migra\u00f1a en Chile<\/strong><\/h2>\n\t\t\n<\/div>\n<div class=\"elementor-element elementor-element-127d63f e-con e-atomic-element e-flexbox-base e-54eda54 \" data-id=\"127d63f\" data-element_type=\"e-flexbox\" data-e-type=\"e-flexbox\" data-interaction-id=\"127d63f\">\n    \t\t\t<p class=\"e-paragraph-base\" data-interaction-id=\"286f49f\">Frente a la falta de informaci\u00f3n, acompa\u00f1amiento y reconocimiento institucional, los propios pacientes de migra\u00f1a comenzaron a <strong id=\"e-mt9cl6dd-rba5fym\">construir espacios para compartir experiencias educarse y visibilizar<\/strong> una enfermedad que durante a\u00f1os permaneci\u00f3 relegada dentro de la conversaci\u00f3n sanitaria.<br><br>Uno de esos espacios es el <a target=\"_blank\" href=\"https:\/\/www.clubdelamigrana.com\/\" id=\"e-mt9cl6dd-pcz1x36\"><strong id=\"e-mt9cl6dd-pcu6fcd\"><u id=\"e-mt9cl6de-zwlhfg7\">Club de La Migra\u00f1a<\/u><\/strong><\/a>, una <strong id=\"e-mt9cl6de-ro7t0tk\">fundaci\u00f3n sin fines de lucro creada por <\/strong><a target=\"_blank\" href=\"https:\/\/www.tiktok.com\/@migranaenfococl\/video\/7651408100016098581?is_from_webapp=1&amp;sender_device=pc&amp;web_id=7594297813065188920\" id=\"e-mt9cl6de-t0ahhrv\"><strong id=\"e-mt9cl6de-eshtjq2\"><u id=\"e-mt9cl6de-oug09ph\">Antonia Cancino<\/u><\/strong><\/a>, quien es periodista y convive con la enfermedad desde los <strong id=\"e-mt9cl6de-hfhgjfs\">cinco a\u00f1os<\/strong>. \"Durante mucho tiempo <strong id=\"e-mt9cl6de-nhtd1ra\">pens\u00e9 que era simplemente un dolor de cabeza m\u00e1s fuerte, no sab\u00eda que era una enfermedad neurol\u00f3gica<\/strong>\", recuerda.<br><br>Esa confusi\u00f3n inicial, que todav\u00eda acompa\u00f1a a muchos pacientes al momento de recibir un diagn\u00f3stico, fue precisamente lo que impuls\u00f3 la creaci\u00f3n de una comunidad enfocada en entregar informaci\u00f3n, apoyo y visibilidad a quienes enfrentar esta condici\u00f3n.<br><br>El proyecto <strong id=\"e-mt9cl6de-9uzvakd\">comenz\u00f3 como una cuenta personal en redes sociales<\/strong>, donde&nbsp;<strong id=\"e-mt9cl6de-7b9za4q\">Cancino<\/strong> compart\u00eda su experiencia con distintos tratamientos y relataba c\u00f3mo era vivir con migra\u00f1a. Con el paso del tiempo, <strong id=\"e-mt9cl6de-uhgshig\">la iniciativa creci\u00f3 hasta transformarse en una comunidad que re\u00fane a pacientes<\/strong>, <strong id=\"e-mt9cl6de-jwqelpr\">voluntarios<\/strong>, <strong id=\"e-mt9cl6de-ei5dqyc\">neur\u00f3logos<\/strong> y <strong id=\"e-mt9cl6de-k15drbl\">especialistas<\/strong> con el objetivo de <strong id=\"e-mt9cl6de-owk26pb\">generar conciencia sobre la enfermedad e impulsar cambios en la forma en que es abordada en Chile<\/strong>.<br><br>Adem\u00e1s de acompa\u00f1ar a los pacientes, el Club de La Migra\u00f1a ha desarrollado <strong id=\"e-mt9cl6de-uhatqvm\">un trabajo de recopilaci\u00f3n de estad\u00edstica sobre la realidad de los pacientes en el pa\u00eds, siendo de las pocas existentes a falta de una oficial por parte del Ministerio de Salud<\/strong> y que ha servido como una referencia durante los \u00faltimos a\u00f1os para conocer la realidad de la condici\u00f3n. Parte de ese esfuerzo se refleja <strong id=\"e-mt9cl6de-gstxs1m\">en la Encuesta Anual al Paciente de esta comunidad<\/strong>, un instrumento que ha permitido conocer la frecuencia de las crisis, las dificultades de acceso y el impacto que tiene la enfermedad en el pa\u00eds.<br><br>Ese trabajo junto con el realizado dentro de sus plataformas, llev\u00f3 a <strong id=\"e-mt9cl6de-1la9qjk\">Cancino<\/strong> a participar en un encuentro de la <a target=\"_blank\" href=\"https:\/\/www.emhalliance.org\/\" id=\"e-mt9cl6de-awxdw0p\"><strong id=\"e-mt9cl6de-byt17fb\"><u id=\"e-mt9cl6de-yqdsvkf\">European Migraine Headache Alliance<\/u><\/strong><\/a><strong id=\"e-mt9cl6de-0v49syc\"><u id=\"e-mt9cl6de-c66zm7l\">&nbsp;<\/u><\/strong>realizado en el marco de la <strong id=\"e-mt9cl6de-wetl0wo\">79\u00b0 Asamblea Mundial de la Salud<\/strong>, donde dio a conocer internacionalmente la situaci\u00f3n actual en la que se enfrenta la patolog\u00eda en el Chile y los desaf\u00edos que enfrentan a diario los pacientes.<\/p>\n\t\t\n<\/div>\n<div class=\"elementor-element elementor-element-4194ed3 e-con e-atomic-element e-flexbox-base e-352c7dd \" data-id=\"4194ed3\" data-element_type=\"e-flexbox\" data-e-type=\"e-flexbox\" data-interaction-id=\"4194ed3\">\n    \t\t<div class=\"elementor-element elementor-element-6f37b71 elementor-invisible elementor-widget elementor-widget-audio\" data-id=\"6f37b71\" data-element_type=\"widget\" data-e-type=\"widget\" data-settings=\"{&quot;_animation&quot;:&quot;fadeInRight&quot;}\" data-widget_type=\"audio.default\">\n\t\t\t\t\t\t\t\t<div class=\"elementor-soundcloud-wrapper\">\n\t\t\t\t<iframe width=\"500\" height=\"400\" frameborder=\"no\" allow=\"autoplay; encrypted-media\" src=\"https:\/\/w.soundcloud.com\/player\/?visual=true&amp;url=https%3A%2F%2Fapi.soundcloud.com%2Ftracks%2F2364276983&amp;show_artwork=false&amp;maxheight=750&amp;maxwidth=500&amp;auto_play=false&amp;buying=false&amp;liking=false&amp;download=false&amp;sharing=false&amp;show_comments=false&amp;show_playcount=true&amp;show_user=true&amp;color\"><\/iframe>\t\t\t<\/div>\n\t\t\t\t\t\t\t<\/div>\n\t\t\n<\/div>\n<div class=\"elementor-element elementor-element-92c2b01 e-con e-atomic-element e-flexbox-base e-82504ab \" data-id=\"92c2b01\" data-element_type=\"e-flexbox\" data-e-type=\"e-flexbox\" data-interaction-id=\"92c2b01\">\n    \t\t\t<p class=\"e-paragraph-base\" data-interaction-id=\"8c7a51c\">Para la <strong>fundadora del Club de La Migra\u00f1a<\/strong>, la invisibilizaci\u00f3n de la enfermedad tambi\u00e9n est\u00e1 relacionada con factores sociales y de g\u00e9nero. <strong>La migra\u00f1a afecta principalmente a mujeres<\/strong> y, seg\u00fan explica, <strong>sus s\u00edntomas han sido hist\u00f3ricamente minimizados al asociarse err\u00f3neamente con una exageraci\u00f3n del dolor o con problemas emocionales.<br><\/strong><br>\"<strong>Existe una falta de comprensi\u00f3n de lo que realmente significa vivir con migra\u00f1a<\/strong>. <strong>Queremos que sea reconocida como lo que es: una enfermedad neurol\u00f3gica que puede llegar a ser cr\u00f3nica y que afecta la vida diaria de millones de personas<\/strong>\", asegura. Con respecto a esto, el <a target=\"_blank\" href=\"https:\/\/www.instagram.com\/reel\/DaBBGllzUJc\/?utm_source=ig_web_copy_link&amp;igsh=MzRlODBiNWFlZA==\"><strong><u>neur\u00f3logo<\/u><\/strong><u> <\/u><strong><u>Ra\u00fal Juliet P\u00e9rez<\/u><\/strong><\/a> tambi\u00e9n advierte que la migra\u00f1a puede desencadenar otras patolog\u00edas como <strong>ansiedad, depresi\u00f3n, insomnio y sobrepeso<\/strong>, <strong>\u201clo que la transforma en una enfermedad cada vez m\u00e1s rebelde\u201d<\/strong>, asegura.<strong><br><\/strong><br>En un escenario donde la enfermedad contin\u00faa fuera de las principales pol\u00edticas de cobertura sanitaria, las organizaciones de pacientes como el Club <strong>se han convertido en una de las principales fuentes de acompa\u00f1amiento y orientaci\u00f3n para quienes buscan respuestas.<\/strong><\/p>\n\t\t\n<\/div>\n<div class=\"elementor-element elementor-element-9668c5b e-con e-atomic-element e-flexbox-base e-9668c5b-b97d80e \" data-id=\"9668c5b\" data-element_type=\"e-flexbox\" data-e-type=\"e-flexbox\" data-interaction-id=\"9668c5b\">\n    \t\t\t<h2 data-interaction-id=\"b4f6611\" class=\"e-heading-base\"><strong id=\"e-mt9cwni9-p2dcl9k\">La b\u00fasqueda de alivio: pacientes con migra\u00f1a y las alternativas de tratamiento en Chile<\/strong><\/h2>\n\t\t\n<\/div>\n<div class=\"elementor-element elementor-element-ff4090d e-con e-atomic-element e-flexbox-base e-49cbd75 \" data-id=\"ff4090d\" data-element_type=\"e-flexbox\" data-e-type=\"e-flexbox\" data-interaction-id=\"ff4090d\">\n    \t\t\t<p class=\"e-paragraph-base\" data-interaction-id=\"120d25e\">Para quienes viven con <a target=\"_blank\" href=\"https:\/\/my.clevelandclinic.org\/health\/diseases\/9638-chronic-migraine\" id=\"e-mt9d6rud-t566jcn\"><strong id=\"e-mt9d6rud-fp06fd9\"><u id=\"e-mt9d6rud-aklugop\">migra\u00f1a cr\u00f3nica<\/u><\/strong><\/a>, encontrar una alternativa que permita disminuir el dolor puede convertirse en una b\u00fasqueda constante. Cuando los tratamientos habituales no entregan resultados y las crisis contin\u00faan afectando la vida diaria, algunas personas comienzan a explorar nuevas opciones que prometen reducir o incluso eliminar los episodios.<br><br>Ese fue el camino que sigui\u00f3 el <a target=\"_blank\" href=\"https:\/\/www.tiktok.com\/@migranaenfococl\/video\/7644344792184311061?is_from_webapp=1&amp;sender_device=pc&amp;web_id=7594297813065188920\" id=\"e-mt9d6rud-lrhg509\"><strong id=\"e-mt9d6rud-wnuxgmq\"><u id=\"e-mt9d6rud-r7spico\">periodista de 24 a\u00f1os, Jorge Avil\u00e9s<\/u><\/strong><\/a>, quien convive con <a target=\"_blank\" href=\"https:\/\/www.mayoclinic.org\/es\/diseases-conditions\/migraine-with-aura\/symptoms-causes\/syc-20352072\" id=\"e-mt9d6rue-7yjbk39\"><strong id=\"e-mt9d6rue-w9i76wp\"><u id=\"e-mt9d6rue-9oz64g1\">migra\u00f1a con aura<\/u><\/strong><\/a><strong id=\"e-mt9d6rue-eqqn4ap\"> desde los seis a\u00f1os<\/strong>. Cada crisis comienza con se\u00f1ales que reconoce con anticipaci\u00f3n: una luz blanca que atraviesa sus ojos, destellos, l\u00edneas en zigzag, zonas borrosas e incluso dificultades para hablar. Despu\u00e9s llega el dolor intenso, acompa\u00f1ado de n\u00e1useas y una sensibilidad extrema a la luz y al ruido que puede dejarlo completamente incapacitado durante horas.<br><br>Tras probar distintos medicamentos sin obtener los resultados esperados, <a target=\"_blank\" href=\"https:\/\/migranaenfoco.cl\/?p=954\" id=\"e-mt9d6rue-705cine\"><strong id=\"e-mt9d6rue-n9ry7lg\"><u id=\"e-mt9d6rue-5aiossj\">Jorge<\/u><\/strong><\/a> decidi\u00f3 intentar la <a target=\"_blank\" href=\"https:\/\/www.ucchristus.cl\/docs\/default-source\/pdf\/programa-cefaleas-toxina-botulinica.pdf\" id=\"e-mt9d6rue-9j915si\"><strong id=\"e-mt9d6rue-oji9cno\"><u id=\"e-mt9d6rue-9rjk1i4\">aplicaci\u00f3n de b\u00f3tox en zonas espec\u00edficas de la cabeza para disminuir las crisis de migra\u00f1a<\/u><\/strong><\/a>, un procedimiento que hab\u00eda comenzado a ganar visibilidad en redes sociales. \"Vi en TikTok, fuente TikTok\", comenta entre risas.<br><br>La primera aplicaci\u00f3n le entreg\u00f3 alivio durante aproximadamente un mes, <strong id=\"e-mt9d6rue-zota8tp\">pero luego los episodios regresaron con la misma intensidad<\/strong>. Lo intent\u00f3 en otras dos oportunidades, sin conseguir una mejor\u00eda permanente. A\u00fan as\u00ed, <strong id=\"e-mt9d6rue-tbs17ke\">Jorge reconoce que el procedimiento puede representar una alternativa para algunos pacientes, aunque enfatiza que no debe ser entendido como una soluci\u00f3n definitiva asegurando que \"bajo ning\u00fan caso puede ser una cura al 100%\".<br><\/strong><br>Otro m\u00e9todo es la <a target=\"_blank\" href=\"https:\/\/migranaenfoco.cl\/?p=934\" id=\"e-mt9d6rue-u6wezx1\"><strong id=\"e-mt9d6rue-qgbsf08\"><u id=\"e-mt9d6rue-68a3jy3\">intervenci\u00f3n que comenz\u00f3 realizarse en Chile <\/u><\/strong><\/a>de la mano del <a target=\"_blank\" href=\"https:\/\/www.tiktok.com\/@migranaenfococl\/video\/7658016832393088273?is_from_webapp=1&amp;sender_device=pc&amp;web_id=7594297813065188920\" id=\"e-mt9d6rue-awgxnwe\"><strong id=\"e-mt9d6rue-nfntzg2\"><u id=\"e-mt9d6rue-8mkdiee\">cirujano pl\u00e1stico Nicol\u00e1s Pereira<\/u><\/strong><\/a>, quien implement\u00f3 <a target=\"_blank\" href=\"https:\/\/drpereira.cl\/cirugia-de-la-migrana\/\" id=\"e-mt9d6rue-obkjlja\"><strong id=\"e-mt9d6rue-67m91o3\"><u id=\"e-mt9d6rue-2v9faw4\">una t\u00e9cnica desarrollada en Estados Unidos<\/u><\/strong><\/a> orientada a pacientes con migra\u00f1a cr\u00f3nica refractaria, es decir, que no responden a tratamientos convencionales. \"Este tratamiento  ha generado un poco de controversia sobre todo desde el \u00e1rea m\u00e9dica, pero hemos tenido pacientes que s\u00ed les ha dado resultados\".<br><br>Seg\u00fan explica el especialista, <strong id=\"e-mt9d6rue-snz73im\">no se trata de un procedimiento indicado para todas las personas con migra\u00f1a<\/strong>, sino para un grupo espec\u00edfico de pacientes, evaluados previamente junto a neur\u00f3logos, que no responden  a los tratamientos convencionales. \"Es importante destacar ese detalle\", sostiene Pereira.<\/p>\n\t\t\n<\/div>\n<div class=\"elementor-element elementor-element-d4604fe e-con e-atomic-element e-flexbox-base e-4c08f0e \" data-id=\"d4604fe\" data-element_type=\"e-flexbox\" data-e-type=\"e-flexbox\" data-interaction-id=\"d4604fe\">\n    \t\t<div class=\"elementor-element elementor-element-933c6e7 elementor-invisible elementor-widget elementor-widget-html\" data-id=\"933c6e7\" data-element_type=\"widget\" data-e-type=\"widget\" data-settings=\"{&quot;_animation&quot;:&quot;fadeInRight&quot;}\" data-widget_type=\"html.default\">\n\t\t\t\t\t<blockquote class=\"instagram-media\" data-instgrm-permalink=\"https:\/\/www.instagram.com\/reel\/DaS75ZwzNbW\/?utm_source=ig_embed&amp;utm_campaign=loading\" data-instgrm-version=\"14\" style=\" background:#FFF; border:0; border-radius:3px; box-shadow:0 0 1px 0 rgba(0,0,0,0.5),0 1px 10px 0 rgba(0,0,0,0.15); margin: 1px; max-width:540px; min-width:326px; padding:0; width:99.375%; width:-webkit-calc(100% - 2px); width:calc(100% - 2px);\"><div style=\"padding:16px;\"> <a href=\"https:\/\/www.instagram.com\/reel\/DaS75ZwzNbW\/?utm_source=ig_embed&amp;utm_campaign=loading\" style=\" background:#FFFFFF; line-height:0; padding:0 0; text-align:center; text-decoration:none; width:100%;\" target=\"_blank\"> <div style=\" display: flex; flex-direction: row; align-items: center;\"> <div style=\"background-color: #F4F4F4; border-radius: 50%; flex-grow: 0; height: 40px; margin-right: 14px; width: 40px;\"><\/div> <div style=\"display: flex; flex-direction: column; flex-grow: 1; justify-content: center;\"> <div style=\" background-color: #F4F4F4; border-radius: 4px; flex-grow: 0; height: 14px; margin-bottom: 6px; width: 100px;\"><\/div> <div style=\" background-color: #F4F4F4; border-radius: 4px; flex-grow: 0; height: 14px; width: 60px;\"><\/div><\/div><\/div><div style=\"padding: 19% 0;\"><\/div> <div style=\"display:block; height:50px; margin:0 auto 12px; width:50px;\"><svg width=\"50px\" height=\"50px\" viewBox=\"0 0 60 60\" version=\"1.1\" xmlns=\"https:\/\/www.w3.org\/2000\/svg\" xmlns:xlink=\"https:\/\/www.w3.org\/1999\/xlink\"><g stroke=\"none\" stroke-width=\"1\" fill=\"none\" fill-rule=\"evenodd\"><g transform=\"translate(-511.000000, -20.000000)\" fill=\"#000000\"><g><path d=\"M556.869,30.41 C554.814,30.41 553.148,32.076 553.148,34.131 C553.148,36.186 554.814,37.852 556.869,37.852 C558.924,37.852 560.59,36.186 560.59,34.131 C560.59,32.076 558.924,30.41 556.869,30.41 M541,60.657 C535.114,60.657 530.342,55.887 530.342,50 C530.342,44.114 535.114,39.342 541,39.342 C546.887,39.342 551.658,44.114 551.658,50 C551.658,55.887 546.887,60.657 541,60.657 M541,33.886 C532.1,33.886 524.886,41.1 524.886,50 C524.886,58.899 532.1,66.113 541,66.113 C549.9,66.113 557.115,58.899 557.115,50 C557.115,41.1 549.9,33.886 541,33.886 M565.378,62.101 C565.244,65.022 564.756,66.606 564.346,67.663 C563.803,69.06 563.154,70.057 562.106,71.106 C561.058,72.155 560.06,72.803 558.662,73.347 C557.607,73.757 556.021,74.244 553.102,74.378 C549.944,74.521 548.997,74.552 541,74.552 C533.003,74.552 532.056,74.521 528.898,74.378 C525.979,74.244 524.393,73.757 523.338,73.347 C521.94,72.803 520.942,72.155 519.894,71.106 C518.846,70.057 518.197,69.06 517.654,67.663 C517.244,66.606 516.755,65.022 516.623,62.101 C516.479,58.943 516.448,57.996 516.448,50 C516.448,42.003 516.479,41.056 516.623,37.899 C516.755,34.978 517.244,33.391 517.654,32.338 C518.197,30.938 518.846,29.942 519.894,28.894 C520.942,27.846 521.94,27.196 523.338,26.654 C524.393,26.244 525.979,25.756 528.898,25.623 C532.057,25.479 533.004,25.448 541,25.448 C548.997,25.448 549.943,25.479 553.102,25.623 C556.021,25.756 557.607,26.244 558.662,26.654 C560.06,27.196 561.058,27.846 562.106,28.894 C563.154,29.942 563.803,30.938 564.346,32.338 C564.756,33.391 565.244,34.978 565.378,37.899 C565.522,41.056 565.552,42.003 565.552,50 C565.552,57.996 565.522,58.943 565.378,62.101 M570.82,37.631 C570.674,34.438 570.167,32.258 569.425,30.349 C568.659,28.377 567.633,26.702 565.965,25.035 C564.297,23.368 562.623,22.342 560.652,21.575 C558.743,20.834 556.562,20.326 553.369,20.18 C550.169,20.033 549.148,20 541,20 C532.853,20 531.831,20.033 528.631,20.18 C525.438,20.326 523.257,20.834 521.349,21.575 C519.376,22.342 517.703,23.368 516.035,25.035 C514.368,26.702 513.342,28.377 512.574,30.349 C511.834,32.258 511.326,34.438 511.181,37.631 C511.035,40.831 511,41.851 511,50 C511,58.147 511.035,59.17 511.181,62.369 C511.326,65.562 511.834,67.743 512.574,69.651 C513.342,71.625 514.368,73.296 516.035,74.965 C517.703,76.634 519.376,77.658 521.349,78.425 C523.257,79.167 525.438,79.673 528.631,79.82 C531.831,79.965 532.853,80.001 541,80.001 C549.148,80.001 550.169,79.965 553.369,79.82 C556.562,79.673 558.743,79.167 560.652,78.425 C562.623,77.658 564.297,76.634 565.965,74.965 C567.633,73.296 568.659,71.625 569.425,69.651 C570.167,67.743 570.674,65.562 570.82,62.369 C570.966,59.17 571,58.147 571,50 C571,41.851 570.966,40.831 570.82,37.631\"><\/path><\/g><\/g><\/g><\/svg><\/div><div style=\"padding-top: 8px;\"> <div style=\" color:#3897f0; font-family:Arial,sans-serif; font-size:14px; font-style:normal; font-weight:550; line-height:18px;\">Ver esta publicaci\u00f3n en Instagram<\/div><\/div><div style=\"padding: 12.5% 0;\"><\/div> <div style=\"display: flex; flex-direction: row; margin-bottom: 14px; align-items: center;\"><div> <div style=\"background-color: #F4F4F4; border-radius: 50%; height: 12.5px; width: 12.5px; transform: translateX(0px) translateY(7px);\"><\/div> <div style=\"background-color: #F4F4F4; height: 12.5px; transform: rotate(-45deg) translateX(3px) translateY(1px); width: 12.5px; flex-grow: 0; margin-right: 14px; margin-left: 2px;\"><\/div> <div style=\"background-color: #F4F4F4; border-radius: 50%; height: 12.5px; width: 12.5px; transform: translateX(9px) translateY(-18px);\"><\/div><\/div><div style=\"margin-left: 8px;\"> <div style=\" background-color: #F4F4F4; border-radius: 50%; flex-grow: 0; height: 20px; width: 20px;\"><\/div> <div style=\" width: 0; height: 0; border-top: 2px solid transparent; border-left: 6px solid #f4f4f4; border-bottom: 2px solid transparent; transform: translateX(16px) translateY(-4px) rotate(30deg)\"><\/div><\/div><div style=\"margin-left: auto;\"> <div style=\" width: 0px; border-top: 8px solid #F4F4F4; border-right: 8px solid transparent; transform: translateY(16px);\"><\/div> <div style=\" background-color: #F4F4F4; flex-grow: 0; height: 12px; width: 16px; transform: translateY(-4px);\"><\/div> <div style=\" width: 0; height: 0; border-top: 8px solid #F4F4F4; border-left: 8px solid transparent; transform: translateY(-4px) translateX(8px);\"><\/div><\/div><\/div> <div style=\"display: flex; flex-direction: column; flex-grow: 1; justify-content: center; margin-bottom: 24px;\"> <div style=\" background-color: #F4F4F4; border-radius: 4px; flex-grow: 0; height: 14px; margin-bottom: 6px; width: 224px;\"><\/div> <div style=\" background-color: #F4F4F4; border-radius: 4px; flex-grow: 0; height: 14px; width: 144px;\"><\/div><\/div><\/a><p style=\" color:#c9c8cd; font-family:Arial,sans-serif; font-size:14px; line-height:17px; margin-bottom:0; margin-top:8px; overflow:hidden; padding:8px 0 7px; text-align:center; text-overflow:ellipsis; white-space:nowrap;\"><a href=\"https:\/\/www.instagram.com\/reel\/DaS75ZwzNbW\/?utm_source=ig_embed&amp;utm_campaign=loading\" style=\" color:#c9c8cd; font-family:Arial,sans-serif; font-size:14px; font-style:normal; font-weight:normal; line-height:17px; text-decoration:none;\" target=\"_blank\">Una publicaci\u00f3n compartida de Migra\u00f1a En Foco (@migranaenfococl)<\/a><\/p><\/div><\/blockquote>\n<script async src=\"\/\/www.instagram.com\/embed.js\"><\/script>\t\t\t\t<\/div>\n\t\t\n<\/div>\n<div class=\"elementor-element elementor-element-fe659c7 e-con e-atomic-element e-flexbox-base e-938bbaa \" data-id=\"fe659c7\" data-element_type=\"e-flexbox\" data-e-type=\"e-flexbox\" data-interaction-id=\"fe659c7\">\n    \t\t\t<p class=\"e-paragraph-base\" data-interaction-id=\"d900d9e\">Sin embargo, la difusi\u00f3n de esta alternativa <strong id=\"e-mrt7ns9e-i56czeg\">gener\u00f3 cuestionamientos dentro de la comunidad de pacientes y especialistas<\/strong>, especialmente despu\u00e9s de que una <strong id=\"e-mrt7ns9e-phosa23\">nota televisiva del canal <\/strong><a target=\"_blank\" href=\"https:\/\/www.youtube.com\/watch?v=DzCn4NIUCu4\" id=\"e-mrt7ns9e-8vzb4sk\"><strong id=\"e-mrt7ns9e-p6lu0vk\"><u id=\"e-mrt7ns9e-h3ap4ex\">Meganoticias fuera difundida en redes sociales con el t\u00edtulo \"La nueva esperanza anti-migra\u00f1a: cirug\u00eda permite curar el dolor de cabeza<\/u><\/strong><\/a><strong id=\"e-mrt7ns9e-phsxbiv\">\".<br><\/strong><br>Para la representante del <strong id=\"e-mrt7ns9e-czo33ac\">Club de La Migra\u00f1a<\/strong>,&nbsp;<strong id=\"e-mrt7ns9e-ltuter0\">Antonia Cancino<\/strong>, el problema <strong id=\"e-mrt7ns9e-xemrfpb\">no est\u00e1 en que existan nuevas alternativas de tratamiento<\/strong>, sino en <strong id=\"e-mrt7ns9e-uedruhq\">la forma en que algunas veces son comunicadas a personas que llevan a\u00f1os buscando una soluci\u00f3n<\/strong>.<\/p>\n\t\t\n<\/div>\n<div class=\"elementor-element elementor-element-afce2f7 e-con e-atomic-element e-flexbox-base e-6798002 \" data-id=\"afce2f7\" data-element_type=\"e-flexbox\" data-e-type=\"e-flexbox\" data-interaction-id=\"afce2f7\">\n    \t\t<div class=\"elementor-element elementor-element-581b9fb elementor-invisible elementor-widget elementor-widget-audio\" data-id=\"581b9fb\" data-element_type=\"widget\" data-e-type=\"widget\" data-settings=\"{&quot;_animation&quot;:&quot;fadeInRight&quot;}\" data-widget_type=\"audio.default\">\n\t\t\t\t\t\t\t\t<div class=\"elementor-soundcloud-wrapper\">\n\t\t\t\t<iframe width=\"500\" height=\"400\" frameborder=\"no\" allow=\"autoplay; encrypted-media\" src=\"https:\/\/w.soundcloud.com\/player\/?visual=true&amp;url=https%3A%2F%2Fapi.soundcloud.com%2Ftracks%2F2364283127&amp;show_artwork=false&amp;maxheight=750&amp;maxwidth=500&amp;auto_play=false&amp;buying=false&amp;liking=false&amp;download=false&amp;sharing=false&amp;show_comments=false&amp;show_playcount=true&amp;show_user=true&amp;color\"><\/iframe>\t\t\t<\/div>\n\t\t\t\t\t\t\t<\/div>\n\t\t\n<\/div>\n<div class=\"elementor-element elementor-element-7430c0f e-con e-atomic-element e-flexbox-base e-830c291 \" data-id=\"7430c0f\" data-element_type=\"e-flexbox\" data-e-type=\"e-flexbox\" data-interaction-id=\"7430c0f\">\n    \t\t\t<p class=\"e-paragraph-base\" data-interaction-id=\"0deb740\">A su juicio, <strong id=\"e-mt9d04em-y772c8n\">presentar una intervenci\u00f3n como una \"cura\" puede generar expectativas que no cuentan con suficiente respaldo cient\u00edfico y llevar a pacientes desesperados a tomar decisiones sin contar completamente sus alcances<\/strong>. Adem\u00e1s, afirma que han llegado pacientes al Club de La Migra\u00f1a que se realizaron la cirug\u00eda y no vieron resultados eficaces.<br><br>El neur\u00f3logo <strong id=\"e-mt9d04em-tcm6rhe\">Ra\u00fal Juliet P\u00e9rez coincide con esta preocupaci\u00f3n<\/strong>. Para el especialista, la migra\u00f1a no debe entenderse como una enfermedad quir\u00fargica dado que \"<strong id=\"e-mt9d04em-5tcnmi8\">la migra\u00f1a no es operable porque se trata de un trastorno de las neuronas\"<\/strong>, explica.<br><br><strong id=\"e-mt9d04em-rsre2uj\">Juliet P\u00e9rez<\/strong> advierte que, aunque algunos pacientes pueden experimentar una disminuci\u00f3n temporal de sus s\u00edntomas, <strong id=\"e-mt9d04em-j4c16pr\">la evidencia disponible todav\u00eda no permite considerar este procedimiento como una soluci\u00f3n definitiva para la enfermedad<\/strong>. \"La mejor\u00eda que puedan tener las personas con este procedimiento es transitoria. <strong id=\"e-mt9d04em-kd74s6h\">En lo personal, no recomiendo ni valido esta intervenci\u00f3n, dado que a\u00fan no tiene una potencia cient\u00edfica que la valide realmente<\/strong>, sostiene.<br><br>Respecto a esto, la aparici\u00f3n de estas alternativas evidencia una problem\u00e1tica a\u00fan m\u00e1s amplia. <strong id=\"e-mt9d04em-xi3xtg0\">En una enfermedad donde millones de personas enfrentan dolor recurrente, altos costos y dificultades de acceso, la b\u00fasqueda de respuestas puede llevar a muchos pacientes a explorar caminos que prometen una soluci\u00f3n r\u00e1pida frente a una condici\u00f3n que contin\u00faa sin cura.<br><\/strong><\/p>\n\t\t\n<\/div>\n<div class=\"elementor-element elementor-element-52097b2 e-con e-atomic-element e-flexbox-base e-0bd4980 \" data-id=\"52097b2\" data-element_type=\"e-flexbox\" data-e-type=\"e-flexbox\" data-interaction-id=\"52097b2\">\n    \t\t\t<h2 data-interaction-id=\"7a49ac3\" class=\"e-heading-base\"><strong id=\"e-mt9b149y-p5fi3kk\">Migra\u00f1a: reconocida por el mundo, pero no por el sistema de salud chileno<\/strong><\/h2>\n\t\t\n<\/div>\n<div class=\"elementor-element elementor-element-bd6a969 e-con e-atomic-element e-flexbox-base e-eeb693f \" data-id=\"bd6a969\" data-element_type=\"e-flexbox\" data-e-type=\"e-flexbox\" data-interaction-id=\"bd6a969\">\n    \t\t\t<p class=\"e-paragraph-base\" data-interaction-id=\"bb905f5\"><strong id=\"e-mt9dpo3d-y7rcrla\">M\u00e1s de dos millones de personas viven con migra\u00f1a en Chile y cerca de 400 mil la padecen de forma cr\u00f3nica<\/strong>. Sin embargo, esta investigaci\u00f3n revel\u00f3 que <strong id=\"e-mt9dpo3d-h31k9qt\">uno de los principales obst\u00e1culos para abordar esta enfermedad no comienza en el tratamiento, sino en la forma en que el propio sistema de salud la reconoce.<\/strong>&nbsp;<strong id=\"e-mt9dpo3d-bib17zd\">\u201cDe todas las enfermedades neurol\u00f3gicas, la \u00fanica que no tiene apoyo a trav\u00e9s del GES o Ley Ricarte Soto es precisamente la migra\u00f1a\u201d<\/strong>, afirma el neur\u00f3logo Juliet P\u00e9rez.<br><br>A trav\u00e9s de los <strong id=\"e-mt9dpo3d-4nfxbql\">antecedentes obtenidos mediante solicitudes<\/strong> de informaci\u00f3n p\u00fablica <strong id=\"e-mt9dpo3d-gvk4j96\">bajo Ley de Transparencia<\/strong>, se pudo establecer que <strong id=\"e-mt9dpo3d-f8jox7f\">la migra\u00f1a no solo permanece fuera del sistema de Garant\u00edas Expl\u00edcitas en Salud (GES<\/strong>), sino que <strong id=\"e-mt9dpo3d-pnrbltd\">tampoco ha sido estudiada para una eventual incorporaci\u00f3n a la Ley Ricarte Soto<\/strong>, normativa destinada a entregar protecci\u00f3n financiera frente a enfermedades y tratamientos de alto costo.<br><br>A esta falta de cobertura se suma <strong id=\"e-mt9dpo3d-rnaopja\">el vac\u00edo de la ausencia de un registro sanitario espec\u00edfico que permita identificar cu\u00e1ntas personas son diagnosticadas con migra\u00f1a dentro del sistema de salud chileno<\/strong>. Al quedar agrupada bajo categor\u00edas generales como \"<a target=\"_blank\" href=\"https:\/\/teknon.quironsalud.com\/blog\/es\/salud-az\/cefalea-migrana-diferencia\" id=\"e-mt9dpo3d-x0kwsry\"><strong id=\"e-mt9dpo3d-d4xe1yn\"><u id=\"e-mt9dpo3d-lmq982w\">cefaleas<\/u><\/strong><\/a>\", la enfermedad pierde visibilidad estad\u00edstica, dificultando conocer su verdadera magnitud y dise\u00f1ar respuestas acordes a las necesidades de quienes la padecen.<br><br>Aunque este escenario evidencia una importante deuda en materia de informaci\u00f3n, desde el Ministerio de Salud existir\u00edan se\u00f1ales para comenzar a abordar esa brecha, ya que una fuente ligada al proceso y que pidi\u00f3 reserva de su identidad, se\u00f1al\u00f3 que existir\u00eda disposici\u00f3n para avanzar en el levantamiento de antecedentes y datos sobre la enfermedad, aunque hasta ahora no se han anunciado medidas concretas en esa direcci\u00f3n.<br><br>Es una <strong id=\"e-mt9dpo3d-o6nti6t\">enfermedad reconocida por la comunidad m\u00e9dica internacional y considerada una de las condiciones neurol\u00f3gicas<\/strong> con mayor impacto en la calidad de vida en el mundo, <strong id=\"e-mt9dpo3d-7qqav89\">pero en Chile contin\u00faa sin un registro institucional independiente dentro del sistema de salud.<br><\/strong><br>Y mientras esa brecha permanece, <strong id=\"e-mt9dpo3d-vckh7l4\">han sido los propios pacientes quienes han impulsado comunidades, generando estad\u00edsticas y buscando espacios para visibilizar una condici\u00f3n que durante a\u00f1os fue reducida a un simple dolor de cabeza. <\/strong>Sin embargo, la \u00fanica certeza dentro de todas las incertidumbres que aquejan a la migra\u00f1a en Chile, es que su reconocimiento tiene que comenzar desde el Poder Ejecutivo para poder generar un real cambio con una enfermedad que no solo espera mejores tratamientos. Antes de eso, <strong id=\"e-mt9dpo3d-gkkclnf\">espera ser vista<\/strong>.<\/p>\n\t\t\n<\/div>\n<div class=\"elementor-element elementor-element-cb2d3a8 e-con e-atomic-element e-flexbox-base e-951b6b6 \" data-id=\"cb2d3a8\" data-element_type=\"e-flexbox\" data-e-type=\"e-flexbox\" data-interaction-id=\"cb2d3a8\">\n    \t\t\t<h3 data-interaction-id=\"6ec00ab\" class=\"e-6ec00ab-dd33854 e-heading-base\">\u00a1S\u00edguenos en nuestras redes sociales!<\/h3>\n\t\t\n<\/div>\n<div class=\"elementor-element elementor-element-e4535f9 e-con e-atomic-element e-flexbox-base e-02a1415 \" data-id=\"e4535f9\" data-element_type=\"e-flexbox\" data-e-type=\"e-flexbox\" data-interaction-id=\"e4535f9\">\n    \t\t<div class=\"elementor-element elementor-element-14621fd elementor-shape-circle elementor-grid-0 e-grid-align-center elementor-invisible elementor-widget elementor-widget-social-icons\" data-id=\"14621fd\" data-element_type=\"widget\" data-e-type=\"widget\" data-settings=\"{&quot;_animation&quot;:&quot;fadeInRight&quot;}\" data-widget_type=\"social-icons.default\">\n\t\t\t\t\t\t\t<div class=\"elementor-social-icons-wrapper elementor-grid\" role=\"list\">\n\t\t\t\t\t\t\t<span class=\"elementor-grid-item\" role=\"listitem\">\n\t\t\t\t\t<a class=\"elementor-icon elementor-social-icon elementor-social-icon-instagram elementor-repeater-item-0339925\" href=\"https:\/\/www.instagram.com\/migranaenfococl\/\" target=\"_blank\">\n\t\t\t\t\t\t<span class=\"elementor-screen-only\">Instagram<\/span>\n\t\t\t\t\t\t<svg aria-hidden=\"true\" class=\"e-font-icon-svg e-fab-instagram\" viewBox=\"0 0 448 512\" xmlns=\"http:\/\/www.w3.org\/2000\/svg\"><path d=\"M224.1 141c-63.6 0-114.9 51.3-114.9 114.9s51.3 114.9 114.9 114.9S339 319.5 339 255.9 287.7 141 224.1 141zm0 189.6c-41.1 0-74.7-33.5-74.7-74.7s33.5-74.7 74.7-74.7 74.7 33.5 74.7 74.7-33.6 74.7-74.7 74.7zm146.4-194.3c0 14.9-12 26.8-26.8 26.8-14.9 0-26.8-12-26.8-26.8s12-26.8 26.8-26.8 26.8 12 26.8 26.8zm76.1 27.2c-1.7-35.9-9.9-67.7-36.2-93.9-26.2-26.2-58-34.4-93.9-36.2-37-2.1-147.9-2.1-184.9 0-35.8 1.7-67.6 9.9-93.9 36.1s-34.4 58-36.2 93.9c-2.1 37-2.1 147.9 0 184.9 1.7 35.9 9.9 67.7 36.2 93.9s58 34.4 93.9 36.2c37 2.1 147.9 2.1 184.9 0 35.9-1.7 67.7-9.9 93.9-36.2 26.2-26.2 34.4-58 36.2-93.9 2.1-37 2.1-147.8 0-184.8zM398.8 388c-7.8 19.6-22.9 34.7-42.6 42.6-29.5 11.7-99.5 9-132.1 9s-102.7 2.6-132.1-9c-19.6-7.8-34.7-22.9-42.6-42.6-11.7-29.5-9-99.5-9-132.1s-2.6-102.7 9-132.1c7.8-19.6 22.9-34.7 42.6-42.6 29.5-11.7 99.5-9 132.1-9s102.7-2.6 132.1 9c19.6 7.8 34.7 22.9 42.6 42.6 11.7 29.5 9 99.5 9 132.1s2.7 102.7-9 132.1z\"><\/path><\/svg>\t\t\t\t\t<\/a>\n\t\t\t\t<\/span>\n\t\t\t\t\t\t\t<span class=\"elementor-grid-item\" role=\"listitem\">\n\t\t\t\t\t<a class=\"elementor-icon elementor-social-icon elementor-social-icon-tiktok elementor-repeater-item-17142c1\" href=\"https:\/\/www.tiktok.com\/@migranaenfococl\" target=\"_blank\">\n\t\t\t\t\t\t<span class=\"elementor-screen-only\">Tiktok<\/span>\n\t\t\t\t\t\t<svg aria-hidden=\"true\" class=\"e-font-icon-svg e-fab-tiktok\" viewBox=\"0 0 448 512\" xmlns=\"http:\/\/www.w3.org\/2000\/svg\"><path d=\"M448,209.91a210.06,210.06,0,0,1-122.77-39.25V349.38A162.55,162.55,0,1,1,185,188.31V278.2a74.62,74.62,0,1,0,52.23,71.18V0l88,0a121.18,121.18,0,0,0,1.86,22.17h0A122.18,122.18,0,0,0,381,102.39a121.43,121.43,0,0,0,67,20.14Z\"><\/path><\/svg>\t\t\t\t\t<\/a>\n\t\t\t\t<\/span>\n\t\t\t\t\t<\/div>\n\t\t\t\t\t\t<\/div>\n\t\t\n<\/div>\n<div class=\"elementor-element elementor-element-8aba6ee e-con e-atomic-element e-flexbox-base e-94a1811 \" data-id=\"8aba6ee\" data-element_type=\"e-flexbox\" data-e-type=\"e-flexbox\" data-interaction-id=\"8aba6ee\">\n    \t\t<div class=\"elementor-element elementor-element-0de9ca8 elementor-invisible elementor-widget elementor-widget-html\" data-id=\"0de9ca8\" data-element_type=\"widget\" data-e-type=\"widget\" data-settings=\"{&quot;_animation&quot;:&quot;fadeInRight&quot;}\" data-widget_type=\"html.default\">\n\t\t\t\t\t<blockquote class=\"tiktok-embed\" cite=\"https:\/\/www.tiktok.com\/@migranaenfococl\/video\/7643591517554134293\" data-video-id=\"7643591517554134293\" style=\"max-width: 605px;min-width: 325px;\" > <section> <a target=\"_blank\" title=\"@migranaenfococl\" href=\"https:\/\/www.tiktok.com\/@migranaenfococl?refer=embed\">@migranaenfococl<\/a> \u00bfSab\u00edas que la migra\u00f1a, a pesar de ser de las enfermedades m\u00e1s incapacitantes del mundo, en Chile a\u00fan no est\u00e1 reconocida como tal?  En Migra\u00f1a En Foco te informaremos sobre las dificultades que enfrentan las personas con esta condici\u00f3n. S\u00edguenos en nuestras redes y no te pierdas de ning\u00fan video <a title=\"migra\u00f1a\" target=\"_blank\" href=\"https:\/\/www.tiktok.com\/tag\/migra%C3%B1a?refer=embed\">#migra\u00f1a<\/a> <a title=\"migra\u00f1acr\u00f3nica\" target=\"_blank\" href=\"https:\/\/www.tiktok.com\/tag\/migra%C3%B1acr%C3%B3nica?refer=embed\">#migra\u00f1acr\u00f3nica<\/a> <a title=\"chile\" target=\"_blank\" href=\"https:\/\/www.tiktok.com\/tag\/chile?refer=embed\">#chile<\/a> <a title=\"chile\ud83c\udde8\ud83c\uddf1\" target=\"_blank\" href=\"https:\/\/www.tiktok.com\/tag\/chile%F0%9F%87%A8%F0%9F%87%B1?refer=embed\">#chile\ud83c\udde8\ud83c\uddf1<\/a> <a title=\"dolordecabeza\" target=\"_blank\" href=\"https:\/\/www.tiktok.com\/tag\/dolordecabeza?refer=embed\">#dolordecabeza<\/a> <a target=\"_blank\" title=\"\u266c sonido original - Migra\u00f1a En Foco CL\" href=\"https:\/\/www.tiktok.com\/music\/sonido-original-7643591581451012872?refer=embed\">\u266c sonido original - Migra\u00f1a En Foco CL<\/a> <\/section> <\/blockquote> <script async src=\"https:\/\/www.tiktok.com\/embed.js\"><\/script>\t\t\t\t<\/div>\n\t\t\n<\/div>\n\t\t<\/div>\n\t\t","protected":false},"excerpt":{"rendered":"<p>Migra\u00f1a en Chile: (sobre)vivir entre costos que agotan, un Estado que ignora y un profundo estigma social M\u00e1s de dos [&hellip;]<\/p>\n","protected":false},"author":1,"featured_media":0,"comment_status":"closed","ping_status":"closed","sticky":false,"template":"elementor_header_footer","format":"standard","meta":{"site-sidebar-layout":"default","site-content-layout":"","ast-site-content-layout":"default","site-content-style":"default","site-sidebar-style":"default","ast-global-header-display":"","ast-banner-title-visibility":"","ast-main-header-display":"","ast-hfb-above-header-display":"","ast-hfb-below-header-display":"","ast-hfb-mobile-header-display":"","site-post-title":"disabled","ast-breadcrumbs-content":"","ast-featured-img":"","footer-sml-layout":"","ast-disable-related-posts":"","theme-transparent-header-meta":"","adv-header-id-meta":"","stick-header-meta":"","header-above-stick-meta":"","header-main-stick-meta":"","header-below-stick-meta":"","astra-migrate-meta-layouts":"default","ast-page-background-enabled":"default","ast-page-background-meta":{"desktop":{"background-color":"var(--ast-global-color-5)","background-image":"","background-repeat":"repeat","background-position":"center center","background-size":"auto","background-attachment":"scroll","background-type":"","background-media":"","overlay-type":"","overlay-color":"","overlay-opacity":"","overlay-gradient":""},"tablet":{"background-color":"","background-image":"","background-repeat":"repeat","background-position":"center center","background-size":"auto","background-attachment":"scroll","background-type":"","background-media":"","overlay-type":"","overlay-color":"","overlay-opacity":"","overlay-gradient":""},"mobile":{"background-color":"","background-image":"","background-repeat":"repeat","background-position":"center center","background-size":"auto","background-attachment":"scroll","background-type":"","background-media":"","overlay-type":"","overlay-color":"","overlay-opacity":"","overlay-gradient":""}},"ast-content-background-meta":{"desktop":{"background-color":"var(--ast-global-color-4)","background-image":"","background-repeat":"repeat","background-position":"center center","background-size":"auto","background-attachment":"scroll","background-type":"","background-media":"","overlay-type":"","overlay-color":"","overlay-opacity":"","overlay-gradient":""},"tablet":{"background-color":"var(--ast-global-color-4)","background-image":"","background-repeat":"repeat","background-position":"center center","background-size":"auto","background-attachment":"scroll","background-type":"","background-media":"","overlay-type":"","overlay-color":"","overlay-opacity":"","overlay-gradient":""},"mobile":{"background-color":"var(--ast-global-color-4)","background-image":"","background-repeat":"repeat","background-position":"center center","background-size":"auto","background-attachment":"scroll","background-type":"","background-media":"","overlay-type":"","overlay-color":"","overlay-opacity":"","overlay-gradient":""}},"footnotes":""},"categories":[1],"tags":[25,8,22,28,19,23,11,26,27,12,29,16,7,18,20,24,21,17,14,10],"class_list":["post-537","post","type-post","status-publish","format-standard","hentry","category-uncategorized","tag-acefalch","tag-chile","tag-club-de-la-migrana","tag-diputados","tag-farmacias","tag-fundaciones","tag-ges","tag-influencer","tag-ley","tag-ley-ricarte-soto","tag-leyes","tag-medicamentos","tag-migrana","tag-migrana-cronica","tag-migrana-en-chile","tag-neurologos","tag-pacientes","tag-pasurta","tag-politicas-publicas","tag-salud"],"_links":{"self":[{"href":"https:\/\/migranaenfoco.cl\/index.php?rest_route=\/wp\/v2\/posts\/537","targetHints":{"allow":["GET"]}}],"collection":[{"href":"https:\/\/migranaenfoco.cl\/index.php?rest_route=\/wp\/v2\/posts"}],"about":[{"href":"https:\/\/migranaenfoco.cl\/index.php?rest_route=\/wp\/v2\/types\/post"}],"author":[{"embeddable":true,"href":"https:\/\/migranaenfoco.cl\/index.php?rest_route=\/wp\/v2\/users\/1"}],"replies":[{"embeddable":true,"href":"https:\/\/migranaenfoco.cl\/index.php?rest_route=%2Fwp%2Fv2%2Fcomments&post=537"}],"version-history":[{"count":144,"href":"https:\/\/migranaenfoco.cl\/index.php?rest_route=\/wp\/v2\/posts\/537\/revisions"}],"predecessor-version":[{"id":1707,"href":"https:\/\/migranaenfoco.cl\/index.php?rest_route=\/wp\/v2\/posts\/537\/revisions\/1707"}],"wp:attachment":[{"href":"https:\/\/migranaenfoco.cl\/index.php?rest_route=%2Fwp%2Fv2%2Fmedia&parent=537"}],"wp:term":[{"taxonomy":"category","embeddable":true,"href":"https:\/\/migranaenfoco.cl\/index.php?rest_route=%2Fwp%2Fv2%2Fcategories&post=537"},{"taxonomy":"post_tag","embeddable":true,"href":"https:\/\/migranaenfoco.cl\/index.php?rest_route=%2Fwp%2Fv2%2Ftags&post=537"}],"curies":[{"name":"wp","href":"https:\/\/api.w.org\/{rel}","templated":true}]}}