{"id":954,"date":"2026-07-04T01:26:40","date_gmt":"2026-07-04T01:26:40","guid":{"rendered":"https:\/\/migranaenfoco.cl\/?p=954"},"modified":"2026-08-25T04:37:05","modified_gmt":"2026-08-25T04:37:05","slug":"entrevista-jorge-aviles","status":"publish","type":"post","link":"https:\/\/migranaenfoco.cl\/?p=954","title":{"rendered":"ENTREVISTA JORGE AVIL\u00c9S"},"content":{"rendered":"\t\t<div data-elementor-type=\"wp-post\" data-elementor-id=\"954\" class=\"elementor elementor-954\">\n\t\t\t\t<div class=\"elementor-element elementor-element-7882e9a e-con e-atomic-element e-flexbox-base e-6921317 \" data-id=\"7882e9a\" data-element_type=\"e-flexbox\" data-e-type=\"e-flexbox\" data-interaction-id=\"7882e9a\">\n    \t\t\t<h1 data-interaction-id=\"6c618f0\" class=\"e-6c618f0-1c015a9 e-heading-base\"><strong id=\"e-mr5orlfq-jyf8mt1\">Migra\u00f1a con aura en hombres: el caso de Jorge Avil\u00e9s y una enfermedad invisibilizada que tambi\u00e9n los afecta<\/strong><\/h1>\n\t\t\n<\/div>\n<div class=\"elementor-element elementor-element-d9758e8 e-con e-atomic-element e-flexbox-base e-2fc6789 \" data-id=\"d9758e8\" data-element_type=\"e-flexbox\" data-e-type=\"e-flexbox\" data-interaction-id=\"d9758e8\">\n    \t\t\t<img fetchpriority=\"high\" decoding=\"async\" class=\"e-image-base e-342668b-60fe8ad\" data-interaction-id=\"342668b\" id=\"1364\" src=\"https:\/\/migranaenfoco.cl\/wp-content\/uploads\/2026\/07\/Disen\u0303o-sin-ti\u0301tulo-49.png\" width=\"300\" height=\"300\" srcset=\"https:\/\/migranaenfoco.cl\/wp-content\/uploads\/2026\/07\/Disen\u0303o-sin-ti\u0301tulo-49.png 300w, https:\/\/migranaenfoco.cl\/wp-content\/uploads\/2026\/07\/Disen\u0303o-sin-ti\u0301tulo-49-150x150.png 150w\" alt=\"\"\/>\t\t\n<\/div>\n<div class=\"elementor-element elementor-element-a473d4e e-con e-atomic-element e-flexbox-base e-af380f5 \" data-id=\"a473d4e\" data-element_type=\"e-flexbox\" data-e-type=\"e-flexbox\" data-interaction-id=\"a473d4e\">\n    \t\t\t<p class=\"e-0310f31-2eb3129 e-paragraph-base\" data-interaction-id=\"0310f31\"><strong id=\"e-mr5oslgu-7jde8pj\"><em id=\"e-mr5oslgu-imf0hxo\">Jorge Avil\u00e9s, de 24 a\u00f1os, vive con migra\u00f1a con aura desde la infancia. Su testimonio revela el impacto de esta enfermedad neurol\u00f3gica incapacitante y visibiliza una realidad poco abordada: los hombres tambi\u00e9n la padecen y enfrentan la incomprensi\u00f3n frente a un trastorno sin cura definitiva.<\/em><\/strong><\/p>\n\t\t\n<\/div>\n<div class=\"elementor-element elementor-element-0dc342a e-con e-atomic-element e-flexbox-base \" data-id=\"0dc342a\" data-element_type=\"e-flexbox\" data-e-type=\"e-flexbox\" data-interaction-id=\"0dc342a\">\n    \t\t\t<p class=\"e-paragraph-base\" data-interaction-id=\"cdd24dd\">Jorge Avil\u00e9s tiene 24 a\u00f1os y vive con <strong id=\"e-mt84t6w6-uwu3syw\">migra\u00f1a con aura<\/strong> desde los 6. Su historia no solo refleja el impacto de una enfermedad neurol\u00f3gica incapacitante, sino tambi\u00e9n una realidad menos visible: los hombres tambi\u00e9n la padecen, aunque muchas veces se hable menos de ello.<\/p>\n\t\t\n<\/div>\n<div class=\"elementor-element elementor-element-444a54a e-con e-atomic-element e-flexbox-base \" data-id=\"444a54a\" data-element_type=\"e-flexbox\" data-e-type=\"e-flexbox\" data-interaction-id=\"444a54a\">\n    \t\t\t<p class=\"e-paragraph-base\" data-interaction-id=\"d43dce9\">Durante su infancia, las crisis eran frecuentes y cada vez m\u00e1s intensas. No se trataba solo de dolor: los episodios inclu\u00edan v\u00f3mitos, adormecimiento en las manos y piernas, dificultad para hablar. La recurrencia era alta, con varias crisis a la semana y al menos cuatro episodios fuertes al mes, lo que terminaba por inhabilitarlo completamente. \u201c<strong id=\"e-mt84u1y5-x80twxj\">No pod\u00eda hacer una vida normal, me ten\u00edan que ir a buscar, no pod\u00eda salir ni estar al sol<\/strong>\u201d, recuerda. El diagn\u00f3stico lleg\u00f3 reci\u00e9n en la adolescencia, tras pasar por varios especialistas. Hasta entonces, la incertidumbre y la falta de respuestas eran parte de su rutina.<\/p>\n\t\t\n<\/div>\n<div class=\"elementor-element elementor-element-dba2eeb e-con e-atomic-element e-flexbox-base \" data-id=\"dba2eeb\" data-element_type=\"e-flexbox\" data-e-type=\"e-flexbox\" data-interaction-id=\"dba2eeb\">\n    \t\t\t<h2 data-interaction-id=\"6bc90f2\" class=\"e-heading-base\"><strong id=\"e-mt84vjzw-uyspaez\">El aura: s\u00edntomas tan impactantes como incomprendidos<\/strong><\/h2>\n\t\t\n<\/div>\n<div class=\"elementor-element elementor-element-5148736 e-con e-atomic-element e-flexbox-base \" data-id=\"5148736\" data-element_type=\"e-flexbox\" data-e-type=\"e-flexbox\" data-interaction-id=\"5148736\">\n    \t\t\t<p class=\"e-paragraph-base\" data-interaction-id=\"5896b2a\">Antes de cada crisis, Jorge experimenta el llamado <strong id=\"e-mt84wqag-8xxjtpg\">aura<\/strong>, una alteraci\u00f3n neurol\u00f3gica que cambia completamente su percepci\u00f3n. Comienza con luces en la visi\u00f3n, im\u00e1genes borrosas y una sensaci\u00f3n progresiva de desconexi\u00f3n corporal. \u201c<strong id=\"e-mt84wqag-raxio5w\">Se me duermen las manos, la lengua, empiezo a ver borroso y ah\u00ed s\u00e9 que no hay vuelta atr\u00e1s<\/strong>\u201d, explica. En los episodios m\u00e1s intensos, incluso pierde la conciencia. Sin embargo, desde el exterior, muchas veces no hay se\u00f1ales evidentes, lo que refuerza la idea de que se trata de una <strong id=\"e-mt84wqag-r09c9qv\">enfermedad invisible<\/strong>, dif\u00edcil de comprender para quienes no la viven.<\/p>\n\t\t\n<\/div>\n<div class=\"elementor-element elementor-element-7dad3a1 e-con e-atomic-element e-flexbox-base \" data-id=\"7dad3a1\" data-element_type=\"e-flexbox\" data-e-type=\"e-flexbox\" data-interaction-id=\"7dad3a1\">\n    \t\t\t<h2 data-interaction-id=\"e4fe136\" class=\"e-heading-base\"><strong id=\"e-mt84xkjw-4z48qyo\">La incomprensi\u00f3n social<\/strong><\/h2>\n\t\t\n<\/div>\n<div class=\"elementor-element elementor-element-209fd8a e-con e-atomic-element e-flexbox-base \" data-id=\"209fd8a\" data-element_type=\"e-flexbox\" data-e-type=\"e-flexbox\" data-interaction-id=\"209fd8a\">\n    \t\t\t<p class=\"e-paragraph-base\" data-interaction-id=\"4cb47d3\">Uno de los aspectos m\u00e1s complejos ha sido lidiar con la percepci\u00f3n de los dem\u00e1s. Jorge asegura que la migra\u00f1a sigue siendo minimizada, incluso hoy. \u201c<strong id=\"e-mt84ylw2-fic9hyq\">Te dicen que tomes agua o un paracetamol, pero esto es neurol\u00f3gico, no es un dolor com\u00fan<\/strong>\u201d, afirma.Esta falta de comprensi\u00f3n no solo genera frustraci\u00f3n, sino que tambi\u00e9n afecta su vida laboral y social, donde muchas veces debe justificar s\u00edntomas que no se ven.<\/p>\n\t\t\n<\/div>\n<div class=\"elementor-element elementor-element-576f23d e-con e-atomic-element e-flexbox-base \" data-id=\"576f23d\" data-element_type=\"e-flexbox\" data-e-type=\"e-flexbox\" data-interaction-id=\"576f23d\">\n    \t\t\t<h2 data-interaction-id=\"4ea607a\" class=\"e-heading-base\"><strong id=\"e-mt84ztho-7xttt70\">El desgaste de probar tratamientos sin encontrar una soluci\u00f3n<\/strong><\/h2>\n\t\t\n<\/div>\n<div class=\"elementor-element elementor-element-2367875 e-con e-atomic-element e-flexbox-base \" data-id=\"2367875\" data-element_type=\"e-flexbox\" data-e-type=\"e-flexbox\" data-interaction-id=\"2367875\">\n    \t\t\t<p class=\"e-paragraph-base\" data-interaction-id=\"5cd43a3\">A lo largo de los a\u00f1os, Jorge ha recorrido un camino marcado por la prueba constante de tratamientos, sin lograr una soluci\u00f3n definitiva. Analg\u00e9sicos tradicionales, medicamentos preventivos e incluso alternativas m\u00e1s recientes han sido parte de su experiencia. \u201cHe probado de todo y nada me funciona de forma permanente\u201d, resume.<\/p>\n\t\t\n<\/div>\n<div class=\"elementor-element elementor-element-9af584e e-con e-atomic-element e-flexbox-base \" data-id=\"9af584e\" data-element_type=\"e-flexbox\" data-e-type=\"e-flexbox\" data-interaction-id=\"9af584e\">\n    \t\t\t<p class=\"e-paragraph-base\" data-interaction-id=\"cde3ec3\">En esa b\u00fasqueda, tambi\u00e9n ha explorado opciones que encontr\u00f3 en redes sociales. A trav\u00e9s de TikTok, vio c\u00f3mo otros pacientes con migra\u00f1a recomendaban el uso de<a target=\"_self\" href=\"https:\/\/www.davila.cl\/inyecciones-de-toxina-botulinica-para-la-migrana\/\" id=\"e-mt857g28-s7oh5qy\"> <\/a><a target=\"_self\" href=\"https:\/\/migranaenfoco.cl\/?p=934\" id=\"e-mt857g28-c4z6plv\"><strong id=\"e-mt857g28-zhyxq67\"><u id=\"e-mt857g28-qqe9pei\">toxina botul\u00ednica (Botox)<\/u><\/strong><\/a><strong id=\"e-mt857g28-ad73pbm\"> <\/strong>como alternativa para reducir las crisis. Decidi\u00f3 intentarlo.<strong id=\"e-mt857g28-9jh12ya\"> \u201cEstuve como un mes sin dolor, fue m\u00e1gico\u2026 pero despu\u00e9s volvieron las crisis\u201d<\/strong>, cuenta. Aunque repiti\u00f3 el procedimiento, el efecto fue s\u00f3lo temporal y finalmente no le dio resultados sostenidos.<\/p>\n\t\t\n<\/div>\n<div class=\"elementor-element elementor-element-8dea003 e-con e-atomic-element e-flexbox-base \" data-id=\"8dea003\" data-element_type=\"e-flexbox\" data-e-type=\"e-flexbox\" data-interaction-id=\"8dea003\">\n    \t\t\t<p class=\"e-paragraph-base\" data-interaction-id=\"9f7d272\">Actualmente, utiliza medicamentos de emergencia para enfrentar los episodios m\u00e1s intensos, incluyendo inyecciones intramusculares cuando el dolor se vuelve insoportable. Sin embargo, ninguna de estas medidas previene realmente la aparici\u00f3n de nuevas crisis. Su experiencia refleja una realidad com\u00fan entre quienes viven con migra\u00f1a: la sensaci\u00f3n de estar en un \u201cc\u00edrculo de prueba y error\u201d, donde cada alternativa ofrece una esperanza que muchas veces termina en frustraci\u00f3n.<\/p>\n\t\t\n<\/div>\n<div class=\"elementor-element elementor-element-691bc34 e-con e-atomic-element e-flexbox-base \" data-id=\"691bc34\" data-element_type=\"e-flexbox\" data-e-type=\"e-flexbox\" data-interaction-id=\"691bc34\">\n    \t\t\t<p class=\"e-paragraph-base\" data-interaction-id=\"1be75af\">En ese proceso, las redes sociales juegan un rol ambivalente. Por un lado, permiten visibilizar la enfermedad y generar comunidad; por otro, pueden fomentar soluciones que no siempre tienen respaldo m\u00e9dico o funcionan igual para todos. \u201cNo todos los cuerpos reaccionan igual. Lo que le sirve a uno, a otro no necesariamente le va a servir\u201d, explica.<\/p>\n\t\t\n<\/div>\n<div class=\"elementor-element elementor-element-861ed98 e-con e-atomic-element e-flexbox-base \" data-id=\"861ed98\" data-element_type=\"e-flexbox\" data-e-type=\"e-flexbox\" data-interaction-id=\"861ed98\">\n    \t\t\t<p class=\"e-paragraph-base\" data-interaction-id=\"310c064\">Incluso frente a opciones m\u00e1s extremas, como cirug\u00edas que han comenzado a difundirse en algunos medios, Jorge mantiene distancia. La falta de informaci\u00f3n clara y el miedo a empeorar su condici\u00f3n lo hacen optar por la cautela. \u201cHe intentado tantas cosas que ya no me arriesgar\u00eda sin tener certeza\u201d, afirma. M\u00e1s que encontrar una cura, su aprendizaje ha sido otro: entender que la migra\u00f1a, hasta ahora, no se elimina, sino que se maneja. Y en ese camino, la incertidumbre sigue siendo parte de la enfermedad.<\/p>\n\t\t\n<\/div>\n<div class=\"elementor-element elementor-element-00ee6f4 e-con e-atomic-element e-flexbox-base \" data-id=\"00ee6f4\" data-element_type=\"e-flexbox\" data-e-type=\"e-flexbox\" data-interaction-id=\"00ee6f4\">\n    \t\t\t<h2 data-interaction-id=\"00ede7a\" class=\"e-heading-base\"><strong id=\"e-mt86ax9g-eqbwt5d\">Migra\u00f1a en hombres: una realidad poco visibilizada<\/strong><\/h2>\n\t\t\n<\/div>\n<div class=\"elementor-element elementor-element-d3c0716 e-con e-atomic-element e-flexbox-base \" data-id=\"d3c0716\" data-element_type=\"e-flexbox\" data-e-type=\"e-flexbox\" data-interaction-id=\"d3c0716\">\n    \t\t\t<p class=\"e-paragraph-base\" data-interaction-id=\"eaa4177\">Aunque la migra\u00f1a tiene mayor prevalencia en mujeres, los hombres tambi\u00e9n la padecen, especialmente en formas complejas como la migra\u00f1a con aura. Sin embargo, su visibilidad es menor y muchas veces se asocia err\u00f3neamente a factores exclusivamente femeninos. \u201c<strong id=\"e-mt85bkwz-8zcpkpd\">Se cree que es algo de mujeres, pero nosotros tambi\u00e9n la sufrimos<\/strong>\u201d, afirma Jorge. Esta percepci\u00f3n contribuye a que muchos casos no se comprendan del todo o se subestimen, reforzando el car\u00e1cter invisible de la enfermedad.<\/p>\n\t\t\n<\/div>\n<div class=\"elementor-element elementor-element-9e53d70 e-con e-atomic-element e-flexbox-base \" data-id=\"9e53d70\" data-element_type=\"e-flexbox\" data-e-type=\"e-flexbox\" data-interaction-id=\"9e53d70\">\n    \t\t\t<h2 data-interaction-id=\"77d2c62\" class=\"e-heading-base\"><strong id=\"e-mt85cibs-6zo7k13\">Barreras en el sistema de salud y el trabajo<\/strong><\/h2>\n\t\t\n<\/div>\n<div class=\"elementor-element elementor-element-73d6377 e-con e-atomic-element e-flexbox-base \" data-id=\"73d6377\" data-element_type=\"e-flexbox\" data-e-type=\"e-flexbox\" data-interaction-id=\"73d6377\">\n    \t\t\t<p class=\"e-paragraph-base\" data-interaction-id=\"965171c\">M\u00e1s all\u00e1 de lo personal, Jorge tambi\u00e9n apunta a dificultades estructurales. La migra\u00f1a no siempre es tratada con la urgencia que requiere, a pesar de ser altamente incapacitante. Las licencias m\u00e9dicas suelen ser limitadas, no existe prioridad en servicios de urgencia y la enfermedad no est\u00e1 completamente integrada en ciertas pol\u00edticas de salud. \u201c<strong id=\"e-mt85d98y-jjtm00l\">Es una condici\u00f3n que te inhabilita, pero no se trata como tal<\/strong>\u201d, se\u00f1ala.<\/p>\n\t\t\n<\/div>\n<div class=\"elementor-element elementor-element-b4d42f4 e-con e-atomic-element e-flexbox-base e-fab63cc \" data-id=\"b4d42f4\" data-element_type=\"e-flexbox\" data-e-type=\"e-flexbox\" data-interaction-id=\"b4d42f4\">\n    \t\t\t<p class=\"e-paragraph-base\" data-interaction-id=\"f369fd9\">El testimonio de Jorge evidencia una realidad que sigue siendo poco comprendida. La <strong id=\"e-mt85dj5j-6l10oxr\">migra\u00f1a con aura en hombres<\/strong> existe, es incapacitante y est\u00e1 lejos de ser solo un dolor de cabeza. En un escenario sin soluciones definitivas, la visibilizaci\u00f3n, la empat\u00eda y un mayor reconocimiento social y m\u00e9dico son claves para mejorar la calidad de vida de quienes conviven con esta enfermedad.<br><\/p>\n\t\t\n<\/div>\n<div class=\"elementor-element elementor-element-7fb3b5d e-con e-atomic-element e-flexbox-base e-8870938 \" data-id=\"7fb3b5d\" data-element_type=\"e-flexbox\" data-e-type=\"e-flexbox\" data-interaction-id=\"7fb3b5d\">\n    \t\t\t<h2 data-interaction-id=\"592e05f\" class=\"e-592e05f-f0d8ba7 e-heading-base\">En Instagram:<\/h2>\n\t\t\n<\/div>\n<div class=\"elementor-element elementor-element-cda5274 e-con e-atomic-element e-flexbox-base e-1c8de89 \" data-id=\"cda5274\" data-element_type=\"e-flexbox\" data-e-type=\"e-flexbox\" data-interaction-id=\"cda5274\">\n    \t\t<div class=\"elementor-element elementor-element-13ac103 elementor-widget elementor-widget-html\" data-id=\"13ac103\" data-element_type=\"widget\" data-e-type=\"widget\" data-widget_type=\"html.default\">\n\t\t\t\t\t<blockquote class=\"instagram-media\" data-instgrm-permalink=\"https:\/\/www.instagram.com\/reel\/DY0ZgJVzkeO\/?utm_source=ig_embed&amp;utm_campaign=loading\" data-instgrm-version=\"14\" style=\" background:#FFF; border:0; border-radius:3px; box-shadow:0 0 1px 0 rgba(0,0,0,0.5),0 1px 10px 0 rgba(0,0,0,0.15); margin: 1px; max-width:540px; min-width:326px; padding:0; width:99.375%; width:-webkit-calc(100% - 2px); width:calc(100% - 2px);\"><div style=\"padding:16px;\"> <a href=\"https:\/\/www.instagram.com\/reel\/DY0ZgJVzkeO\/?utm_source=ig_embed&amp;utm_campaign=loading\" style=\" background:#FFFFFF; line-height:0; padding:0 0; text-align:center; text-decoration:none; width:100%;\" target=\"_blank\"> <div style=\" display: flex; flex-direction: row; align-items: center;\"> <div style=\"background-color: #F4F4F4; border-radius: 50%; flex-grow: 0; height: 40px; margin-right: 14px; width: 40px;\"><\/div> <div style=\"display: flex; flex-direction: column; flex-grow: 1; justify-content: center;\"> <div style=\" background-color: #F4F4F4; border-radius: 4px; flex-grow: 0; height: 14px; margin-bottom: 6px; width: 100px;\"><\/div> <div style=\" background-color: #F4F4F4; border-radius: 4px; flex-grow: 0; height: 14px; width: 60px;\"><\/div><\/div><\/div><div style=\"padding: 19% 0;\"><\/div> <div style=\"display:block; height:50px; margin:0 auto 12px; width:50px;\"><svg width=\"50px\" height=\"50px\" viewBox=\"0 0 60 60\" version=\"1.1\" xmlns=\"https:\/\/www.w3.org\/2000\/svg\" xmlns:xlink=\"https:\/\/www.w3.org\/1999\/xlink\"><g stroke=\"none\" stroke-width=\"1\" fill=\"none\" fill-rule=\"evenodd\"><g transform=\"translate(-511.000000, -20.000000)\" fill=\"#000000\"><g><path d=\"M556.869,30.41 C554.814,30.41 553.148,32.076 553.148,34.131 C553.148,36.186 554.814,37.852 556.869,37.852 C558.924,37.852 560.59,36.186 560.59,34.131 C560.59,32.076 558.924,30.41 556.869,30.41 M541,60.657 C535.114,60.657 530.342,55.887 530.342,50 C530.342,44.114 535.114,39.342 541,39.342 C546.887,39.342 551.658,44.114 551.658,50 C551.658,55.887 546.887,60.657 541,60.657 M541,33.886 C532.1,33.886 524.886,41.1 524.886,50 C524.886,58.899 532.1,66.113 541,66.113 C549.9,66.113 557.115,58.899 557.115,50 C557.115,41.1 549.9,33.886 541,33.886 M565.378,62.101 C565.244,65.022 564.756,66.606 564.346,67.663 C563.803,69.06 563.154,70.057 562.106,71.106 C561.058,72.155 560.06,72.803 558.662,73.347 C557.607,73.757 556.021,74.244 553.102,74.378 C549.944,74.521 548.997,74.552 541,74.552 C533.003,74.552 532.056,74.521 528.898,74.378 C525.979,74.244 524.393,73.757 523.338,73.347 C521.94,72.803 520.942,72.155 519.894,71.106 C518.846,70.057 518.197,69.06 517.654,67.663 C517.244,66.606 516.755,65.022 516.623,62.101 C516.479,58.943 516.448,57.996 516.448,50 C516.448,42.003 516.479,41.056 516.623,37.899 C516.755,34.978 517.244,33.391 517.654,32.338 C518.197,30.938 518.846,29.942 519.894,28.894 C520.942,27.846 521.94,27.196 523.338,26.654 C524.393,26.244 525.979,25.756 528.898,25.623 C532.057,25.479 533.004,25.448 541,25.448 C548.997,25.448 549.943,25.479 553.102,25.623 C556.021,25.756 557.607,26.244 558.662,26.654 C560.06,27.196 561.058,27.846 562.106,28.894 C563.154,29.942 563.803,30.938 564.346,32.338 C564.756,33.391 565.244,34.978 565.378,37.899 C565.522,41.056 565.552,42.003 565.552,50 C565.552,57.996 565.522,58.943 565.378,62.101 M570.82,37.631 C570.674,34.438 570.167,32.258 569.425,30.349 C568.659,28.377 567.633,26.702 565.965,25.035 C564.297,23.368 562.623,22.342 560.652,21.575 C558.743,20.834 556.562,20.326 553.369,20.18 C550.169,20.033 549.148,20 541,20 C532.853,20 531.831,20.033 528.631,20.18 C525.438,20.326 523.257,20.834 521.349,21.575 C519.376,22.342 517.703,23.368 516.035,25.035 C514.368,26.702 513.342,28.377 512.574,30.349 C511.834,32.258 511.326,34.438 511.181,37.631 C511.035,40.831 511,41.851 511,50 C511,58.147 511.035,59.17 511.181,62.369 C511.326,65.562 511.834,67.743 512.574,69.651 C513.342,71.625 514.368,73.296 516.035,74.965 C517.703,76.634 519.376,77.658 521.349,78.425 C523.257,79.167 525.438,79.673 528.631,79.82 C531.831,79.965 532.853,80.001 541,80.001 C549.148,80.001 550.169,79.965 553.369,79.82 C556.562,79.673 558.743,79.167 560.652,78.425 C562.623,77.658 564.297,76.634 565.965,74.965 C567.633,73.296 568.659,71.625 569.425,69.651 C570.167,67.743 570.674,65.562 570.82,62.369 C570.966,59.17 571,58.147 571,50 C571,41.851 570.966,40.831 570.82,37.631\"><\/path><\/g><\/g><\/g><\/svg><\/div><div style=\"padding-top: 8px;\"> <div style=\" color:#3897f0; font-family:Arial,sans-serif; font-size:14px; font-style:normal; font-weight:550; line-height:18px;\">Ver esta publicaci\u00f3n en Instagram<\/div><\/div><div style=\"padding: 12.5% 0;\"><\/div> <div style=\"display: flex; flex-direction: row; margin-bottom: 14px; align-items: center;\"><div> <div style=\"background-color: #F4F4F4; border-radius: 50%; height: 12.5px; width: 12.5px; transform: translateX(0px) translateY(7px);\"><\/div> <div style=\"background-color: #F4F4F4; height: 12.5px; transform: rotate(-45deg) translateX(3px) translateY(1px); width: 12.5px; flex-grow: 0; margin-right: 14px; margin-left: 2px;\"><\/div> <div style=\"background-color: #F4F4F4; border-radius: 50%; height: 12.5px; width: 12.5px; transform: translateX(9px) translateY(-18px);\"><\/div><\/div><div style=\"margin-left: 8px;\"> <div style=\" background-color: #F4F4F4; border-radius: 50%; flex-grow: 0; height: 20px; width: 20px;\"><\/div> <div style=\" width: 0; height: 0; border-top: 2px solid transparent; border-left: 6px solid #f4f4f4; border-bottom: 2px solid transparent; transform: translateX(16px) translateY(-4px) rotate(30deg)\"><\/div><\/div><div style=\"margin-left: auto;\"> <div style=\" width: 0px; border-top: 8px solid #F4F4F4; border-right: 8px solid transparent; transform: translateY(16px);\"><\/div> <div style=\" background-color: #F4F4F4; flex-grow: 0; height: 12px; width: 16px; transform: translateY(-4px);\"><\/div> <div style=\" width: 0; height: 0; border-top: 8px solid #F4F4F4; border-left: 8px solid transparent; transform: translateY(-4px) translateX(8px);\"><\/div><\/div><\/div> <div style=\"display: flex; flex-direction: column; flex-grow: 1; justify-content: center; margin-bottom: 24px;\"> <div style=\" background-color: #F4F4F4; border-radius: 4px; flex-grow: 0; height: 14px; margin-bottom: 6px; width: 224px;\"><\/div> <div style=\" background-color: #F4F4F4; border-radius: 4px; flex-grow: 0; height: 14px; width: 144px;\"><\/div><\/div><\/a><p style=\" color:#c9c8cd; font-family:Arial,sans-serif; font-size:14px; line-height:17px; margin-bottom:0; margin-top:8px; overflow:hidden; padding:8px 0 7px; text-align:center; text-overflow:ellipsis; white-space:nowrap;\"><a href=\"https:\/\/www.instagram.com\/reel\/DY0ZgJVzkeO\/?utm_source=ig_embed&amp;utm_campaign=loading\" style=\" color:#c9c8cd; font-family:Arial,sans-serif; font-size:14px; font-style:normal; font-weight:normal; line-height:17px; text-decoration:none;\" target=\"_blank\">Una publicaci\u00f3n compartida de Migra\u00f1a En Foco (@migranaenfococl)<\/a><\/p><\/div><\/blockquote>\n<script async src=\"\/\/www.instagram.com\/embed.js\"><\/script>\t\t\t\t<\/div>\n\t\t\n<\/div>\n<div class=\"elementor-element elementor-element-3b82b07 e-con e-atomic-element e-flexbox-base e-07a8aba \" data-id=\"3b82b07\" data-element_type=\"e-flexbox\" data-e-type=\"e-flexbox\" data-interaction-id=\"3b82b07\">\n    \t\t\t<h1 data-interaction-id=\"cd02db7\" class=\"e-cd02db7-7bde5ef e-heading-base\">En Tik Tok:<\/h1>\n\t\t\n<\/div>\n<div class=\"elementor-element elementor-element-6d9161e e-con e-atomic-element e-flexbox-base e-6c7170b \" data-id=\"6d9161e\" data-element_type=\"e-flexbox\" data-e-type=\"e-flexbox\" data-interaction-id=\"6d9161e\">\n    \t\t<div class=\"elementor-element elementor-element-153e3f8 elementor-widget elementor-widget-html\" data-id=\"153e3f8\" data-element_type=\"widget\" data-e-type=\"widget\" data-widget_type=\"html.default\">\n\t\t\t\t\t<blockquote class=\"tiktok-embed\" cite=\"https:\/\/www.tiktok.com\/@migranaenfococl\/video\/7644344792184311061\" data-video-id=\"7644344792184311061\" style=\"max-width: 605px;min-width: 325px;\" > <section> <a target=\"_blank\" title=\"@migranaenfococl\" href=\"https:\/\/www.tiktok.com\/@migranaenfococl?refer=embed\">@migranaenfococl<\/a> \ud83d\udcccEntrevista a Jorge Avil\u00e9s: \u201cCreyeron que me estaba dando un ACV\u201d\ud83d\udcac Jorge Avil\u00e9s tiene 24 a\u00f1os y vive con migra\u00f1a con aura desde los 6. Desde muy peque\u00f1o comenz\u00f3 a sufrir crisis que no solo inclu\u00edan un fuerte dolor de cabeza, sino tambi\u00e9n p\u00e9rdida de sensibilidad en el cuerpo, v\u00f3mitos, visi\u00f3n borrosa, dificultad para hablar e incluso p\u00e9rdida de conciencia. \ud83e\uddd0La migra\u00f1a con aura es un tipo de migra\u00f1a en la que, antes o durante el dolor de cabeza, aparecen s\u00edntomas neurol\u00f3gicos temporales como luces o manchas en la visi\u00f3n, hormigueo, adormecimiento, dificultad para hablar o mareos. Estos s\u00edntomas pueden durar desde minutos hasta una hora y luego dar paso a la crisis de dolor. Hoy, sigue conviviendo con una enfermedad que ha impactado profundamente su vida diaria. Durante a\u00f1os, no pudo ir al colegio con normalidad, salir con amigos ni exponerse al sol por miedo a una nueva crisis. En esta entrevista, Jorge tambi\u00e9n habla sobre la invisibilizaci\u00f3n de la migra\u00f1a y c\u00f3mo muchas veces se minimiza como \u201cun simple dolor de cabeza\u201d, pese a tratarse de una enfermedad neurol\u00f3gica que puede llegar a ser altamente incapacitante\ud83e\udde0\u26a1\ufe0f La entrevista completa ya est\u00e1 disponible en el link de nuestro perfil\ud83d\ude4c\ud83c\udffb <a title=\"migra\u00f1a\" target=\"_blank\" href=\"https:\/\/www.tiktok.com\/tag\/migra%C3%B1a?refer=embed\">#migra\u00f1a<\/a> <a title=\"chile\" target=\"_blank\" href=\"https:\/\/www.tiktok.com\/tag\/chile?refer=embed\">#chile<\/a> <a title=\"chilegram\" target=\"_blank\" href=\"https:\/\/www.tiktok.com\/tag\/chilegram?refer=embed\">#chilegram<\/a> <a title=\"migra\u00f1aconaura\" target=\"_blank\" href=\"https:\/\/www.tiktok.com\/tag\/migra%C3%B1aconaura?refer=embed\">#migra\u00f1aconaura<\/a> <a title=\"chile\ud83c\udde8\ud83c\uddf1\" target=\"_blank\" href=\"https:\/\/www.tiktok.com\/tag\/chile%F0%9F%87%A8%F0%9F%87%B1?refer=embed\">#chile\ud83c\udde8\ud83c\uddf1<\/a> <a target=\"_blank\" title=\"\u266c sonido original - Migra\u00f1a En Foco CL\" href=\"https:\/\/www.tiktok.com\/music\/sonido-original-7644344913194257159?refer=embed\">\u266c sonido original - Migra\u00f1a En Foco CL<\/a> <\/section> <\/blockquote> <script async src=\"https:\/\/www.tiktok.com\/embed.js\"><\/script>\t\t\t\t<\/div>\n\t\t\n<\/div>\n\t\t<\/div>\n\t\t","protected":false},"excerpt":{"rendered":"<p>Migra\u00f1a con aura en hombres: el caso de Jorge Avil\u00e9s y una enfermedad invisibilizada que tambi\u00e9n los afecta Jorge Avil\u00e9s, [&hellip;]<\/p>\n","protected":false},"author":1,"featured_media":0,"comment_status":"closed","ping_status":"closed","sticky":false,"template":"","format":"standard","meta":{"site-sidebar-layout":"default","site-content-layout":"","ast-site-content-layout":"default","site-content-style":"default","site-sidebar-style":"default","ast-global-header-display":"","ast-banner-title-visibility":"","ast-main-header-display":"","ast-hfb-above-header-display":"","ast-hfb-below-header-display":"","ast-hfb-mobile-header-display":"","site-post-title":"","ast-breadcrumbs-content":"","ast-featured-img":"","footer-sml-layout":"","ast-disable-related-posts":"","theme-transparent-header-meta":"","adv-header-id-meta":"","stick-header-meta":"","header-above-stick-meta":"","header-main-stick-meta":"","header-below-stick-meta":"","astra-migrate-meta-layouts":"default","ast-page-background-enabled":"default","ast-page-background-meta":{"desktop":{"background-color":"var(--ast-global-color-5)","background-image":"","background-repeat":"repeat","background-position":"center center","background-size":"auto","background-attachment":"scroll","background-type":"","background-media":"","overlay-type":"","overlay-color":"","overlay-opacity":"","overlay-gradient":""},"tablet":{"background-color":"","background-image":"","background-repeat":"repeat","background-position":"center center","background-size":"auto","background-attachment":"scroll","background-type":"","background-media":"","overlay-type":"","overlay-color":"","overlay-opacity":"","overlay-gradient":""},"mobile":{"background-color":"","background-image":"","background-repeat":"repeat","background-position":"center center","background-size":"auto","background-attachment":"scroll","background-type":"","background-media":"","overlay-type":"","overlay-color":"","overlay-opacity":"","overlay-gradient":""}},"ast-content-background-meta":{"desktop":{"background-color":"var(--ast-global-color-4)","background-image":"","background-repeat":"repeat","background-position":"center center","background-size":"auto","background-attachment":"scroll","background-type":"","background-media":"","overlay-type":"","overlay-color":"","overlay-opacity":"","overlay-gradient":""},"tablet":{"background-color":"var(--ast-global-color-4)","background-image":"","background-repeat":"repeat","background-position":"center center","background-size":"auto","background-attachment":"scroll","background-type":"","background-media":"","overlay-type":"","overlay-color":"","overlay-opacity":"","overlay-gradient":""},"mobile":{"background-color":"var(--ast-global-color-4)","background-image":"","background-repeat":"repeat","background-position":"center center","background-size":"auto","background-attachment":"scroll","background-type":"","background-media":"","overlay-type":"","overlay-color":"","overlay-opacity":"","overlay-gradient":""}},"footnotes":""},"categories":[6],"tags":[15,8,22,19,11,27,12,16,7,18,20,24,21,14,31,10],"class_list":["post-954","post","type-post","status-publish","format-standard","hentry","category-https-migranaenfoco-cl-page_id8","tag-automedicacion","tag-chile","tag-club-de-la-migrana","tag-farmacias","tag-ges","tag-ley","tag-ley-ricarte-soto","tag-medicamentos","tag-migrana","tag-migrana-cronica","tag-migrana-en-chile","tag-neurologos","tag-pacientes","tag-politicas-publicas","tag-redes-sociales","tag-salud"],"_links":{"self":[{"href":"https:\/\/migranaenfoco.cl\/index.php?rest_route=\/wp\/v2\/posts\/954","targetHints":{"allow":["GET"]}}],"collection":[{"href":"https:\/\/migranaenfoco.cl\/index.php?rest_route=\/wp\/v2\/posts"}],"about":[{"href":"https:\/\/migranaenfoco.cl\/index.php?rest_route=\/wp\/v2\/types\/post"}],"author":[{"embeddable":true,"href":"https:\/\/migranaenfoco.cl\/index.php?rest_route=\/wp\/v2\/users\/1"}],"replies":[{"embeddable":true,"href":"https:\/\/migranaenfoco.cl\/index.php?rest_route=%2Fwp%2Fv2%2Fcomments&post=954"}],"version-history":[{"count":16,"href":"https:\/\/migranaenfoco.cl\/index.php?rest_route=\/wp\/v2\/posts\/954\/revisions"}],"predecessor-version":[{"id":1604,"href":"https:\/\/migranaenfoco.cl\/index.php?rest_route=\/wp\/v2\/posts\/954\/revisions\/1604"}],"wp:attachment":[{"href":"https:\/\/migranaenfoco.cl\/index.php?rest_route=%2Fwp%2Fv2%2Fmedia&parent=954"}],"wp:term":[{"taxonomy":"category","embeddable":true,"href":"https:\/\/migranaenfoco.cl\/index.php?rest_route=%2Fwp%2Fv2%2Fcategories&post=954"},{"taxonomy":"post_tag","embeddable":true,"href":"https:\/\/migranaenfoco.cl\/index.php?rest_route=%2Fwp%2Fv2%2Ftags&post=954"}],"curies":[{"name":"wp","href":"https:\/\/api.w.org\/{rel}","templated":true}]}}